{"id":270,"date":"2012-01-12T08:27:30","date_gmt":"2012-01-12T08:27:30","guid":{"rendered":"http:\/\/www.erodzina.eu\/?p=270"},"modified":"2012-01-12T08:27:30","modified_gmt":"2012-01-12T08:27:30","slug":"ciemieniucha","status":"publish","type":"post","link":"http:\/\/www.erodzina.pl\/index.php\/2012\/01\/12\/ciemieniucha\/","title":{"rendered":"Ciemieniucha"},"content":{"rendered":"<div align=\"justify\"><img loading=\"lazy\" decoding=\"async\" src=\"http:\/\/www.erodzina.eu\/wp-content\/uploads\/2012\/01\/x15-s.jpg\" alt=\"\" title=\"x15-s\" width=\"150\" height=\"100\" class=\"alignleft size-full wp-image-1075\" \/>&nbsp;&nbsp;&nbsp;Pragniemy, aby nasze male\u0144stwo by\u0142o zdrowe, ale tak\u017ce by \u015blicznie wygl\u0105da\u0142o. Gdy zauwa\u017camy na g\u0142owie dziecka \u017c\u00f3\u0142t\u0105 skorupk\u0119, zaczynamy si\u0119 niepokoi\u0107. To <strong>ciemieniucha<\/strong>. Pojawia si\u0119 najcz\u0119\u015bciej kilka dni po porodzie. Zmiany te s\u0105 wynikiem nadmiernego dzia\u0142ania gruczo\u0142\u00f3w \u0142ojowych dziecka, a to za\u015b jest spowodowane przez hormony matki, kt\u00f3re jeszcze przez jaki\u015b czas po porodzie pozostaj\u0105 w organizmie malucha. I to w\u0142a\u015bnie \u0142\u00f3j, kt\u00f3ry gruczo\u0142y produkuj\u0105 w nadmiarze, jest winowajc\u0105. <!--more--><br \/>\n&nbsp;&nbsp;&nbsp;Ciemieniucha to \u017c\u00f3\u0142tawa i t\u0142usta skorupa, czasem przybieraj\u0105ca form\u0119 \u0142usek. Jest to do\u015b\u0107 powszechna dolegliwo\u015b\u0107 okresu niemowl\u0119cego. Na szcz\u0119\u015bcie dla dziecka nie jest to bolesne, nie sw\u0119dzi, nie powoduje dyskomfortu. Nieleczona ciemieniucha mo\u017ce doprowadzi\u00e6 do infekcji sk\u00f3ry, co objawi si\u0119 zaczerwienieniem sk\u00f3ry, obrz\u0119kiem, a nawet wyst\u0105pieniem s\u0105cz\u0105cych si\u0119 zmian.<br \/>\n<strong>Jak walczy\u0107 z ciemieniuch\u0105?<\/strong><br \/>\n&nbsp;&nbsp;&nbsp;Wa\u017cne jest, aby pami\u0119ta\u0107, \u017ce nie wolno pr\u00f3bowa\u0107 jej zdrapywa\u0107, \u015bciera\u0107 ani z\u0142uszcza\u0107 palcami, ani za pomoc\u0105 grzebienia itp. Wystarczy, \u017ce natrzemy zmienione miejsca oliw\u0105 z oliwek lub oliwk\u0105 piel\u0119gnacyjn\u0105 dla niemowl\u0105t 15-30 minut przed k\u0105piel\u0105 i za\u0142o\u017cymy bawe\u0142nian\u0105 czapeczk\u0119. Nast\u0119pnie nale\u017cy wyczesa\u0107 zmi\u0119kczone \u0142uski mi\u0119kk\u0105 szczotk\u0105 dla niemowl\u0105t i umy\u0107 g\u0142\u00f3wk\u0119 szamponem dla dzieci. Je\u015bli zastosujemy oliwk\u0119 kosmetyczn\u0105 musimy by\u0107 przygotowani na d\u0142u\u017csz\u0105 walk\u0119 z ciemieniuch\u0105. A walka ta nierzadko wymaga d\u0142ugotrwa\u0142ej terapii i systematycznych zabieg\u00f3w. Je\u015bli domowe metody jednak nie przynosz\u0105 po\u017c\u0105danego rezultatu, mo\u017cemy spr\u00f3bowa\u0107 w\u0142\u0105czy\u0107 do walki specjalne preparaty na ciemieniuch\u0119<br \/>\ndost\u0119pne w aptece. Je\u015bli i te nie dadz\u0105 rady, nale\u017cy skonsultowa\u0107 si\u0119 z lekarzem. Mo\u017ce okaza\u0107 si\u0119, \u017ce zmiany sk\u00f3rne maj\u0105 pod\u0142o\u017ce alergiczne.<br \/>\n<br \/>[smartads]<br \/>\n&nbsp;&nbsp;&nbsp;R\u00f3wnie\u017c w sytuacji, gdy ciemieniucha zdaje si\u0119 rozprzestrzenia\u0107 na inne partie sk\u00f3ry (twarz, szyja, obszary za uszami), nale\u017cy uda\u0107 si\u0119 do lekarza, poniewa\u017c mo\u017ce to \u015bwiadczy\u0107 o atopowym zapaleniu sk\u00f3ry, a to wymaga wdro\u017cenia innego leczenia. Do wizyty u lekarza powinna nas te\u017c sk\u0142oni\u0107 uporczywie nawracaj\u0105ca ciemieniucha i pojawiaj\u0105ca si\u0119 u starszych niemowl\u0105t.<\/p>\n<p><em>G.\u015awiderska<\/em><\/div>\n","protected":false},"excerpt":{"rendered":"<p>&nbsp;&nbsp;&nbsp;Pragniemy, aby nasze male\u0144stwo by\u0142o zdrowe, ale tak\u017ce by \u015blicznie wygl\u0105da\u0142o. Gdy zauwa\u017camy na g\u0142owie dziecka \u017c\u00f3\u0142t\u0105 skorupk\u0119, zaczynamy si\u0119 niepokoi\u0107. To ciemieniucha. Pojawia si\u0119 najcz\u0119\u015bciej kilka dni po porodzie. Zmiany te s\u0105 wynikiem nadmiernego dzia\u0142ania gruczo\u0142\u00f3w \u0142ojowych dziecka, a to za\u015b jest spowodowane przez hormony matki, kt\u00f3re jeszcze przez jaki\u015b czas po porodzie pozostaj\u0105 &hellip; <\/p>\n<p class=\"link-more\"><a href=\"http:\/\/www.erodzina.pl\/index.php\/2012\/01\/12\/ciemieniucha\/\" class=\"more-link\">Czytaj dalej<span class=\"screen-reader-text\"> Ciemieniucha<\/span><\/a><\/p>\n","protected":false},"author":1,"featured_media":0,"comment_status":"open","ping_status":"open","sticky":false,"template":"","format":"standard","meta":{"footnotes":""},"categories":[9,14,31,52],"tags":[124,207,220,1238,1275],"class_list":["post-270","post","type-post","status-publish","format-standard","hentry","category-dziecko","category-goscie","category-niemowle","category-zdrowie-dziecka","tag-atopowe-zapalenie-skory","tag-choroby-skory","tag-ciemieniucha","tag-zapalenie-skory","tag-zmiany-skorne","entry"],"_links":{"self":[{"href":"http:\/\/www.erodzina.pl\/index.php\/wp-json\/wp\/v2\/posts\/270","targetHints":{"allow":["GET"]}}],"collection":[{"href":"http:\/\/www.erodzina.pl\/index.php\/wp-json\/wp\/v2\/posts"}],"about":[{"href":"http:\/\/www.erodzina.pl\/index.php\/wp-json\/wp\/v2\/types\/post"}],"author":[{"embeddable":true,"href":"http:\/\/www.erodzina.pl\/index.php\/wp-json\/wp\/v2\/users\/1"}],"replies":[{"embeddable":true,"href":"http:\/\/www.erodzina.pl\/index.php\/wp-json\/wp\/v2\/comments?post=270"}],"version-history":[{"count":0,"href":"http:\/\/www.erodzina.pl\/index.php\/wp-json\/wp\/v2\/posts\/270\/revisions"}],"wp:attachment":[{"href":"http:\/\/www.erodzina.pl\/index.php\/wp-json\/wp\/v2\/media?parent=270"}],"wp:term":[{"taxonomy":"category","embeddable":true,"href":"http:\/\/www.erodzina.pl\/index.php\/wp-json\/wp\/v2\/categories?post=270"},{"taxonomy":"post_tag","embeddable":true,"href":"http:\/\/www.erodzina.pl\/index.php\/wp-json\/wp\/v2\/tags?post=270"}],"curies":[{"name":"wp","href":"https:\/\/api.w.org\/{rel}","templated":true}]}}