{"id":30,"date":"2012-04-16T16:46:13","date_gmt":"2012-04-16T16:46:13","guid":{"rendered":"http:\/\/www.c.e-mama.pl\/?p=30"},"modified":"2012-04-16T16:46:13","modified_gmt":"2012-04-16T16:46:13","slug":"objawy-porodu","status":"publish","type":"post","link":"http:\/\/www.erodzina.pl\/index.php\/2012\/04\/16\/objawy-porodu\/","title":{"rendered":"Objawy porodu"},"content":{"rendered":"<div align=\"justify\">\n<img loading=\"lazy\" decoding=\"async\" class=\"alignleft size-thumbnail wp-image-35\" title=\"objawy porodu\" src=\"http:\/\/www.erodzina.eu\/wp-content\/uploads\/2011\/05\/6a3f56a2-7893-42de-a7bb-c77b61d19b63_20090323063732_Shutterstock1724901-150x150.jpg\" alt=\"\" width=\"150\" height=\"150\" \/><\/a>&nbsp;&nbsp;&nbsp;&nbsp;&nbsp;Ka\u017cda mama odczuwa pewien niepok\u00f3j, gdy ci\u0105\u017ca zbli\u017ca si\u0119 ku ko\u0144cowi. Jest to szczeg\u00f3lnie niespokojny okres dla pierwor\u00f3dki. Kobieta, kt\u00f3ra jest w ci\u0105\u017cy pierwszy raz, zastanawia si\u0119, czy da si\u0119 przegapi\u0107 pierwsze oznaki porodu lub pomyli\u0107 je z czym\u015b innym. Dla wszystkich obawiaj\u0105cych si\u0119 kilka s\u0142\u00f3w wprowadzenia.<br \/>\n&nbsp;&nbsp;&nbsp;&nbsp;&nbsp;Jednym z pierwszych zwiastun\u00f3w zbli\u017caj\u0105cego si\u0119 porodu jest obni\u017cenie dna macicy. Poniewa\u017c w ostatnich tygodniach odczuwa\u0142a\u015b wzmo\u017cony ucisk na \u017co\u0142\u0105dek, czego nast\u0119pstwem by\u0142a zgaga, a wysoka macica utrudnia\u0142a ci oddychanie, teraz odczujesz ulg\u0119. Macica zwolni nieco miejsca \u017co\u0142\u0105dkowi i p\u0142ucom. Natomiast ucierpie\u0107 na tym mo\u017ce tw\u00f3j p\u0119cherz, kt\u00f3ry uciskany cz\u0119\u015bciej b\u0119dzie wzywa\u0142 ci\u0119 do wizyt w toalecie. Obni\u017cenie dna macicy nast\u0119puje oko\u0142o 3 \u2013 4 tygodnie przed porodem.<br \/>\n<!--more--><br \/>\n&nbsp;&nbsp;&nbsp;&nbsp;&nbsp;Objawem charakterystycznym dla pierwiastek jest wstawienie si\u0119 g\u0142\u00f3wki dziecka do wchodu miednicy. Do tej pory g\u0142\u00f3wka \u201ep\u0142ywa\u0142a\u201d swobodnie, teraz przylega do p\u0142aszczyzny wchodu. Wstawienie si\u0119 g\u0142\u00f3wki na 3 \u2013 4 tygodnie przed porodem stwierdzi lekarz lub po\u0142o\u017cna.<br \/>\n&nbsp;&nbsp;&nbsp;&nbsp;&nbsp;Na 1 \u2013 2 tygodnie przed porodem pojawiaj\u0105 si\u0119 skurcze przepowiadaj\u0105ce Braxtona \u2013 Hicksa. S\u0105 one niebolesne i maj\u0105 charakter zanikaj\u0105cy. Je\u015bli si\u0119 nasilaj\u0105, staj\u0105 si\u0119 bolesne i budz\u0105 tw\u00f3j niepok\u00f3j, najlepiej wybierz si\u0119 do szpitala, gdzie lekarz stwierdzi, czy ju\u017c rodzisz, czy jeszcze masz troch\u0119 czasu.<br \/>\n&nbsp;&nbsp;&nbsp;&nbsp;&nbsp;W tym samym czasie mo\u017cesz wydali\u0107 czop \u015bluzowy. Wypadnie w ca\u0142o\u015bci, lub b\u0119dziesz go wydala\u0107 po trochu. Czop \u015bluzowy przypomina galaret\u0119. Mo\u017ce by\u0107 podbarwiony krwi\u0105, zw\u0142aszcza je\u015bli oddziela si\u0119 tu\u017c przed porodem.<br \/>\n&nbsp;&nbsp;&nbsp;&nbsp;&nbsp;Kilka godzin przed porodem mo\u017cesz plami\u0107 krwi\u0105 w wyniku skracania si\u0119 i rozwierania szyjki macicy. Mo\u017cesz odczuwa\u0107 te\u017c ko\u0142atanie serca, uderzenia gor\u0105ca, og\u00f3lny niepok\u00f3j. Tw\u00f3j organizm mo\u017ce r\u00f3wnie\u017c szykowa\u0107 si\u0119 do porodu, oczyszczaj\u0105c si\u0119 biegunk\u0105 lub wymiotami. Za\u015b ruchy dziecka stan\u0105 si\u0119 znacznie spokojniejsze.<br \/>\n<br \/>[smartads]<br \/>\n&nbsp;&nbsp;&nbsp;&nbsp;&nbsp;Odczujesz napi\u0119cie w obr\u0119bie miednicy, ucisk na nerw kulszowy, b\u00f3l w pachwinach. Mo\u017cesz odczuwa\u0107 parcie na odbyt i mie\u0107 wra\u017cenie pe\u0142no\u015bci w okolicach sromu.<br \/>\n&nbsp;&nbsp;&nbsp;&nbsp;&nbsp;Bezsprzecznym objawem porodu jest odej\u015bcie w\u00f3d p\u0142odowych. Nawet je\u015bli tylko si\u0119 s\u0105cz\u0105, zg\u0142o\u015b si\u0119 do szpitala. Skieruj si\u0119 na izb\u0119 przyj\u0119\u0107 tak\u017ce, gdy skurcze stan\u0105 si\u0119 regularne i zaczn\u0105 wyst\u0119powa\u0107 co 10 \u2013 15 minut.<\/p>\n<p><i>Redakcja<\/i>\n<\/div>\n","protected":false},"excerpt":{"rendered":"<p>&nbsp;&nbsp;&nbsp;&nbsp;&nbsp;Ka\u017cda mama odczuwa pewien niepok\u00f3j, gdy ci\u0105\u017ca zbli\u017ca si\u0119 ku ko\u0144cowi. Jest to szczeg\u00f3lnie niespokojny okres dla pierwor\u00f3dki. Kobieta, kt\u00f3ra jest w ci\u0105\u017cy pierwszy raz, zastanawia si\u0119, czy da si\u0119 przegapi\u0107 pierwsze oznaki porodu lub pomyli\u0107 je z czym\u015b innym. Dla wszystkich obawiaj\u0105cych si\u0119 kilka s\u0142\u00f3w wprowadzenia. &nbsp;&nbsp;&nbsp;&nbsp;&nbsp;Jednym z pierwszych zwiastun\u00f3w zbli\u017caj\u0105cego si\u0119 porodu jest &hellip; <\/p>\n<p class=\"link-more\"><a href=\"http:\/\/www.erodzina.pl\/index.php\/2012\/04\/16\/objawy-porodu\/\" class=\"more-link\">Czytaj dalej<span class=\"screen-reader-text\"> Objawy porodu<\/span><\/a><\/p>\n","protected":false},"author":1,"featured_media":0,"comment_status":"open","ping_status":"open","sticky":false,"template":"","format":"standard","meta":{"footnotes":""},"categories":[35,36,39],"tags":[650,795,796,1284],"class_list":["post-30","post","type-post","status-publish","format-standard","hentry","category-porod-2","category-porod-naturalny","category-redakcja-autorzy","tag-objawy-porodu","tag-porod","tag-porod-naturalny-2","tag-zwiastuny-porodu","entry"],"_links":{"self":[{"href":"http:\/\/www.erodzina.pl\/index.php\/wp-json\/wp\/v2\/posts\/30","targetHints":{"allow":["GET"]}}],"collection":[{"href":"http:\/\/www.erodzina.pl\/index.php\/wp-json\/wp\/v2\/posts"}],"about":[{"href":"http:\/\/www.erodzina.pl\/index.php\/wp-json\/wp\/v2\/types\/post"}],"author":[{"embeddable":true,"href":"http:\/\/www.erodzina.pl\/index.php\/wp-json\/wp\/v2\/users\/1"}],"replies":[{"embeddable":true,"href":"http:\/\/www.erodzina.pl\/index.php\/wp-json\/wp\/v2\/comments?post=30"}],"version-history":[{"count":0,"href":"http:\/\/www.erodzina.pl\/index.php\/wp-json\/wp\/v2\/posts\/30\/revisions"}],"wp:attachment":[{"href":"http:\/\/www.erodzina.pl\/index.php\/wp-json\/wp\/v2\/media?parent=30"}],"wp:term":[{"taxonomy":"category","embeddable":true,"href":"http:\/\/www.erodzina.pl\/index.php\/wp-json\/wp\/v2\/categories?post=30"},{"taxonomy":"post_tag","embeddable":true,"href":"http:\/\/www.erodzina.pl\/index.php\/wp-json\/wp\/v2\/tags?post=30"}],"curies":[{"name":"wp","href":"https:\/\/api.w.org\/{rel}","templated":true}]}}