{"id":3322,"date":"2012-03-12T15:24:12","date_gmt":"2012-03-12T15:24:12","guid":{"rendered":"http:\/\/www.erodzina.eu\/?p=3322"},"modified":"2012-03-12T15:24:12","modified_gmt":"2012-03-12T15:24:12","slug":"manifa-2012","status":"publish","type":"post","link":"http:\/\/www.erodzina.pl\/index.php\/2012\/03\/12\/manifa-2012\/","title":{"rendered":"Manifa 2012"},"content":{"rendered":"<div align=\"justify\"><img loading=\"lazy\" decoding=\"async\" src=\"http:\/\/www.erodzina.eu\/wp-content\/uploads\/2012\/03\/manifakasiaav1.jpg\" alt=\"manifa warszawska\" title=\"manifa\" width=\"200\" height=\"176\" class=\"alignleft size-full wp-image-3336\" \/>&nbsp;&nbsp;&nbsp;&nbsp;&nbsp;11 marca ulicami Warszawy maszerowa\u0142a XIII Manifa. Niedzielny marsz \u015brodowisk feministycznych i zwolennik\u00f3w odbywa\u0142 si\u0119 pod has\u0142em \u201ePrzecinamy p\u0119powin\u0119\u201d. Przeci\u0119cie p\u0119powiny to symbol rozdzia\u0142u Pa\u0144stwa od Ko\u015bcio\u0142a. 3 tys. os\u00f3b rozpocz\u0119\u0142o marsz pod Pa\u0142acem Kultury i Nauki, by zako\u0144czy\u0107 go pod Sejmem. Tam w\u0142a\u015bnie nast\u0105pi\u0142o symboliczne przeci\u0119cie p\u0119powiny.<br \/>\n&nbsp;&nbsp;&nbsp;&nbsp;&nbsp;Manif\u0119 organizowa\u0142o Porozumienie Kobiet 8 Marca. W&nbsp;demonstracji solidarnie wzi\u0105\u0142 udzia\u0142 Zwi\u0105zek Nauczycielstwa Polskiego, dzia\u0142acze Sierpnia 80, politycy z Ruchu Palikota, zw\u0142aszcza za\u015b z nowopowsta\u0142ej sekcji Ruchu Kobiet oraz z SLD.<!--more--><br \/>\n&nbsp;&nbsp;&nbsp;&nbsp;&nbsp;My\u015bl\u0119, \u017ce niezale\u017cnie od wiary, stosunku do duchowo\u015bci i cz\u0119stotliwo\u015bci wizyt w ko\u015bciele trudno nie zgodzi\u0107 si\u0119 z postulatami podnoszonymi przez demonstruj\u0105cych. Na transparentach widnia\u0142y wszak bardzo rozs\u0105dne i oczywiste has\u0142a.<br \/>\n<\/p>\n<h3><font color=\"#DC143C\"><em><strong>Etaty dla kobiet nie dla ksi\u0119\u017cy<br \/>\n<br \/>\nWa\u017cniejsza matka ni\u017c koloratka<br \/>\n<br \/>\nChcemy zdrowia nie zdrowasiek<br \/>\n<br \/>\nWa\u017cniejsza kobieta ni\u017c katecheta<br \/>\n<br \/>\nNie igrzysk nam trzeba lecz \u017c\u0142obk\u00f3w i chleba<br \/>\n<br \/>\nKasa na \u017c\u0142obki nie na ko\u015bcio\u0142y<\/strong><\/em><\/font><\/h3>\n<p><img loading=\"lazy\" decoding=\"async\" src=\"http:\/\/www.erodzina.eu\/wp-content\/uploads\/2012\/03\/manifamarek1.jpg\" alt=\"manifa warszawska\" title=\"manifa\" width=\"500\" height=\"281\" class=\"aligncenter size-full wp-image-3329\" \/>&nbsp;&nbsp;&nbsp;&nbsp;&nbsp;&nbsp;&nbsp;&nbsp;&nbsp;&nbsp;&nbsp;&nbsp;&nbsp;&nbsp;&nbsp;<em>Fot. M. Kossakowski<\/em><br \/>\n<br \/>\n<img loading=\"lazy\" decoding=\"async\" src=\"http:\/\/www.erodzina.eu\/wp-content\/uploads\/2012\/03\/manifamarek2.jpg\" alt=\"manifa warszawska\" title=\"manifa2\" width=\"500\" height=\"281\" class=\"aligncenter size-full wp-image-3330\" \/>&nbsp;&nbsp;&nbsp;&nbsp;&nbsp;&nbsp;&nbsp;&nbsp;&nbsp;&nbsp;&nbsp;&nbsp;&nbsp;&nbsp;&nbsp;<em>Fot. M. Kossakowski<\/em><br \/>\n<br \/>\n<img loading=\"lazy\" decoding=\"async\" src=\"http:\/\/www.erodzina.eu\/wp-content\/uploads\/2012\/03\/manifamarek3.jpg\" alt=\"manifa warszawska\" title=\"manifa3\" width=\"500\" height=\"281\" class=\"aligncenter size-full wp-image-3331\" \/>&nbsp;&nbsp;&nbsp;&nbsp;&nbsp;&nbsp;&nbsp;&nbsp;&nbsp;&nbsp;&nbsp;&nbsp;&nbsp;&nbsp;&nbsp;<em>Fot. M. Kossakowski<\/em><br \/>\n<br \/>\n<img loading=\"lazy\" decoding=\"async\" src=\"http:\/\/www.erodzina.eu\/wp-content\/uploads\/2012\/03\/manifamarek4.jpg\" alt=\"manifa warszawska\" title=\"manifa4\" width=\"500\" height=\"281\" class=\"aligncenter size-full wp-image-3332\" \/>&nbsp;&nbsp;&nbsp;&nbsp;&nbsp;&nbsp;&nbsp;&nbsp;&nbsp;&nbsp;&nbsp;&nbsp;&nbsp;&nbsp;&nbsp;<em>Fot. M. Kossakowski<\/em>\n<\/div>\n<p><!--nextpage--><\/p>\n<div align=\"justify\">\n<br \/>\n<img loading=\"lazy\" decoding=\"async\" src=\"http:\/\/www.erodzina.eu\/wp-content\/uploads\/2012\/03\/manifamarek5.jpg\" alt=\"manifa warszawska\" title=\"manifa5\" width=\"500\" height=\"281\" class=\"aligncenter size-full wp-image-3333\" \/>&nbsp;&nbsp;&nbsp;&nbsp;&nbsp;&nbsp;&nbsp;&nbsp;&nbsp;&nbsp;&nbsp;&nbsp;&nbsp;&nbsp;&nbsp;<em>Fot. M. Kossakowski<\/em><\/p>\n<p>&nbsp;&nbsp;&nbsp;&nbsp;&nbsp;Demonstruj\u0105cy maszerowali, by zaprotestowa\u0107 przeciwko finansowaniu Ko\u015bcio\u0142a z bud\u017cetu pa\u0144stwa. Organizatorzy Manify nie zgadzaj\u0105 si\u0119 na odp\u0142ywanie z bud\u017cetu grubych milion\u00f3w w czasach, gdy kryzys zmusza nas do oszcz\u0119dno\u015bci. Pa\u0144stwo polskie najch\u0119tniej oszcz\u0119dza na kobietach i dzieciach, polityce socjalnej, zdrowotnej, edukacji. Tymczasem pieni\u0105dze na Ko\u015bci\u00f3\u0142 i jednorazowe imprezy jak Euro 2012 znajduj\u0105 si\u0119 zawsze. Dla \u015brodowisk kobiecych jest to policzek, tym bardziej bolesny, gdy\u017c Ko\u015bci\u00f3\u0142 prowadzi polityk\u0119 antykobiec\u0105. Skandalem jest sytuacja, kiedy pieni\u0105dze podatnik\u00f3w, wi\u0119c tak\u017ce kobiet, w\u0119druj\u0105 na potrzeby Ko\u015bcio\u0142a zamiast na potrzeby spo\u0142ecze\u0144stwa, kt\u00f3re ma si\u0119 coraz gorzej, a  samymi zdrowa\u015bkami nie wy\u017cyje.<br \/>\n<br \/>\n<img loading=\"lazy\" decoding=\"async\" src=\"http:\/\/www.erodzina.eu\/wp-content\/uploads\/2012\/03\/manifakasia3.jpg\" alt=\"manifa warszawska\" title=\"manifa 3\" width=\"500\" height=\"370\" class=\"aligncenter size-full wp-image-3326\" \/>&nbsp;&nbsp;&nbsp;&nbsp;&nbsp;&nbsp;&nbsp;&nbsp;&nbsp;&nbsp;&nbsp;&nbsp;&nbsp;&nbsp;&nbsp;<em>Fot. K. Werczy\u0144ska<\/em><br \/>\n<br \/>\n<img loading=\"lazy\" decoding=\"async\" src=\"http:\/\/www.erodzina.eu\/wp-content\/uploads\/2012\/03\/manifakasia2.jpg\" alt=\"manifa warszawska\" title=\"manifa 2\" width=\"500\" height=\"388\" class=\"aligncenter size-full wp-image-3325\" \/>&nbsp;&nbsp;&nbsp;&nbsp;&nbsp;&nbsp;&nbsp;&nbsp;&nbsp;&nbsp;&nbsp;&nbsp;&nbsp;&nbsp;&nbsp;<em>Fot. K. Werczy\u0144ska<\/em><br \/>\n<br \/>\n<img loading=\"lazy\" decoding=\"async\" src=\"http:\/\/www.erodzina.eu\/wp-content\/uploads\/2012\/03\/manifakasia1.jpg\" alt=\"manifa warszawska\" title=\"manifa 1\" width=\"500\" height=\"395\" class=\"aligncenter size-full wp-image-3324\" \/>&nbsp;&nbsp;&nbsp;&nbsp;&nbsp;&nbsp;&nbsp;&nbsp;&nbsp;&nbsp;&nbsp;&nbsp;&nbsp;&nbsp;&nbsp;<em>Fot. K. Werczy\u0144ska<\/em><br \/>\n<br \/>\n&nbsp;&nbsp;&nbsp;&nbsp;&nbsp;Mo\u017cna si\u0119 \u0142atwo domy\u015bli\u0107, s\u0105dz\u0105c po nastrojach spo\u0142ecznych, \u017ce Manifa nie by\u0142a ostatni\u0105 akcj\u0105 protestuj\u0105c\u0105 w tym roku przeciw finansowaniu Ko\u015bcio\u0142a z bud\u017cetu pa\u0144stwa. Kobiety, matki nie powinny pozwoli\u0107, by zapominano o ich podstawowych potrzebach. Powinny\u015bmy si\u0119 domaga\u0107, by zrezygnowano z&nbsp;polityki prorodzinnej, zgodnie z kt\u00f3r\u0105 nie buduje si\u0119 \u017c\u0142obk\u00f3w i&nbsp;przedszkoli, by kobiety siedzia\u0142y w domu i&nbsp;rodzi\u0142y kolejne dzieci na rzecz polityki prokobiecej i prodzieci\u0119cej, kt\u00f3ra b\u0119dzie stwarza\u0107 nam przyjazne warunki zar\u00f3wno do rozwoju, zarabiania jak i powi\u0119kszania rodziny.<\/p>\n<p><i>El\u017cbieta Haque<br \/>\nFot.<br \/>\n<a href=\"http:\/\/www.ruchpalikota.org.pl\/galerie-zdjec\/xiii-warszawska-manifa\">Kasia Werczy\u0144ska<\/a><br \/>\n<a href=\"https:\/\/www.facebook.com\/media\/set\/?set=a.366421210059225.88476.100000740460706&#038;type=3\">Marek Kossakowski<\/a><\/i><\/div>\n","protected":false},"excerpt":{"rendered":"<p>&nbsp;&nbsp;&nbsp;&nbsp;&nbsp;11 marca ulicami Warszawy maszerowa\u0142a XIII Manifa. Niedzielny marsz \u015brodowisk feministycznych i zwolennik\u00f3w odbywa\u0142 si\u0119 pod has\u0142em \u201ePrzecinamy p\u0119powin\u0119\u201d. Przeci\u0119cie p\u0119powiny to symbol rozdzia\u0142u Pa\u0144stwa od Ko\u015bcio\u0142a. 3 tys. os\u00f3b rozpocz\u0119\u0142o marsz pod Pa\u0142acem Kultury i Nauki, by zako\u0144czy\u0107 go pod Sejmem. Tam w\u0142a\u015bnie nast\u0105pi\u0142o symboliczne przeci\u0119cie p\u0119powiny. &nbsp;&nbsp;&nbsp;&nbsp;&nbsp;Manif\u0119 organizowa\u0142o Porozumienie Kobiet 8 Marca. W&nbsp;demonstracji &hellip; <\/p>\n<p class=\"link-more\"><a href=\"http:\/\/www.erodzina.pl\/index.php\/2012\/03\/12\/manifa-2012\/\" class=\"more-link\">Czytaj dalej<span class=\"screen-reader-text\"> Manifa 2012<\/span><\/a><\/p>\n","protected":false},"author":1,"featured_media":0,"comment_status":"open","ping_status":"open","sticky":false,"template":"","format":"standard","meta":{"footnotes":""},"categories":[57,11,54],"tags":[351,472,542],"class_list":["post-3322","post","type-post","status-publish","format-standard","hentry","category-aktualnosci","category-elzbieta-haque","category-zycie-wokol-nas","tag-feministki","tag-kobiety","tag-manifa","entry"],"_links":{"self":[{"href":"http:\/\/www.erodzina.pl\/index.php\/wp-json\/wp\/v2\/posts\/3322","targetHints":{"allow":["GET"]}}],"collection":[{"href":"http:\/\/www.erodzina.pl\/index.php\/wp-json\/wp\/v2\/posts"}],"about":[{"href":"http:\/\/www.erodzina.pl\/index.php\/wp-json\/wp\/v2\/types\/post"}],"author":[{"embeddable":true,"href":"http:\/\/www.erodzina.pl\/index.php\/wp-json\/wp\/v2\/users\/1"}],"replies":[{"embeddable":true,"href":"http:\/\/www.erodzina.pl\/index.php\/wp-json\/wp\/v2\/comments?post=3322"}],"version-history":[{"count":0,"href":"http:\/\/www.erodzina.pl\/index.php\/wp-json\/wp\/v2\/posts\/3322\/revisions"}],"wp:attachment":[{"href":"http:\/\/www.erodzina.pl\/index.php\/wp-json\/wp\/v2\/media?parent=3322"}],"wp:term":[{"taxonomy":"category","embeddable":true,"href":"http:\/\/www.erodzina.pl\/index.php\/wp-json\/wp\/v2\/categories?post=3322"},{"taxonomy":"post_tag","embeddable":true,"href":"http:\/\/www.erodzina.pl\/index.php\/wp-json\/wp\/v2\/tags?post=3322"}],"curies":[{"name":"wp","href":"https:\/\/api.w.org\/{rel}","templated":true}]}}