{"id":3575,"date":"2012-04-17T15:16:25","date_gmt":"2012-04-17T15:16:25","guid":{"rendered":"http:\/\/www.erodzina.eu\/?p=3575"},"modified":"2012-04-17T15:16:25","modified_gmt":"2012-04-17T15:16:25","slug":"kurze-wypalenie","status":"publish","type":"post","link":"http:\/\/www.erodzina.pl\/index.php\/2012\/04\/17\/kurze-wypalenie\/","title":{"rendered":"Kurze wypalenie"},"content":{"rendered":"<div align=\"justify\"><img loading=\"lazy\" decoding=\"async\" src=\"http:\/\/www.erodzina.eu\/wp-content\/uploads\/2012\/04\/kredka_polmaraton_av.jpg\" alt=\"kredka\" title=\"kredka_polmaraton_av\" width=\"230\" height=\"230\" class=\"alignleft size-full wp-image-3579\" \/>&nbsp;&nbsp;&nbsp;&nbsp;&nbsp;Nadesz\u0142a wiekopomna chwila. Czu\u0142am od d\u0142u\u017cszego czasu, \u017ce si\u0119 zbli\u017ca. Jak ju\u017c zda\u0142am sobie spraw\u0119 z&nbsp;macierzy\u0144skiego do\u017cywocia, poczu\u0142am wszechogarniaj\u0105ce wypalenie. Mam do\u015b\u0107. Bardzo, bardzo, bardzo do\u015b\u0107. Pragn\u0119 pracy. Mog\u0119 nawet rowy kopa\u0107, byleby w pobli\u017cu \u017cadnych dzieci nie by\u0142o. Poziom mojej kurzej frustracji kipi i bulgoce z\u0142owrogo. Trudno powiedzie\u0107, co mo\u017ce si\u0119 zdarzy\u0107, jak si\u0119 rozleje. Je\u017celi gdzie\u015b po drodze do tego momentu wydawa\u0142o mi si\u0119, \u017ce jest ci\u0119\u017cko, to si\u0119 myli\u0142am. Nie by\u0142o.<br \/>\n&nbsp;&nbsp;&nbsp;&nbsp;&nbsp;Kochany SYSTEMIE zakwalifikuj moje dzieci do plac\u00f3wki. B\u0142agam! <!--more--><br \/>\n&nbsp;&nbsp;&nbsp;&nbsp;&nbsp;Nie wiem, nie mam bladego poj\u0119cia, jak radz\u0105 sobie inne mamy z brakiem mo\u017cliwo\u015bci zrobienia czegokolwiek. Najbardziej nawet trywialne czynno\u015bci okraszone s\u0105 walk\u0105 z dzieciakami. Niekoniecznie fizyczn\u0105, ale psychiczn\u0105. To wieczne kombinowanie, wymy\u015blanie durnych zabaw, pr\u00f3ba skierowania ich uwagi na co innego, zaj\u0119cia ich jak\u0105\u015b mega fascynuj\u0105c\u0105 prac\u0105. Czka mi si\u0119 tym. W ci\u0105gu dnia jestem niewolnikiem dw\u00f3ch \u017c\u0105dnych krwi istot, kt\u00f3re wy\u0142oni\u0142y si\u0119 z \u0142ona mego czas jaki\u015b temu i przej\u0119\u0142y kontrol\u0119 nad moim \u017cyciem, z\u017car\u0142y moj\u0105 przestrze\u0144, wsadzi\u0142y do terrarium i nape\u0142niaj\u0105 je wod\u0105.<\/p>\n<p style=\"text-align:center; color:#4B0082; font-size:15px; float:right; border-top:3px; clear:right; margin: 30px 30px 20px 20px;\">\n<b>Czka mi si\u0119 tym. W ci\u0105gu dnia<br \/>\njestem niewolnikiem dw\u00f3ch rz\u0105dnych<br \/>\nkrwi istot, kt\u00f3re wy\u0142oni\u0142y si\u0119<br \/>\nz \u0142ona mego czas jaki\u015b temu<br \/>\ni przej\u0119\u0142y kontrol\u0119 nad moim<br \/>\n\u017cyciem, z\u017car\u0142y moj\u0105 przestrze\u0144.<\/b><\/p>\n<p>&nbsp;&nbsp;&nbsp;&nbsp;&nbsp;I tak, tak wiem Supernianiu, \u017ce te moje dzieci nie s\u0105 z\u0142e i \u017ce nawet rz\u0105dne krwi nie s\u0105, tylko ze mnie dupa nie rodzic. I co? I nic. Czy to, ze mam \u015bwiadomo\u015b\u0107 swoich u\u0142omno\u015bci, mnie usprawiedliwia? Czy zmienia moje beznadziejne po\u0142o\u017cenie? Dostan\u0119 rozgrzeszenie? Jaki\u015b coaching by si\u0119 przyda\u0142, mentoring, cokolwiek, ma\u0142e szkolono w instytucie SPA na ko\u0144cu \u015bwiata? Aaaa! Mocy przybywaj!!!<br \/>\n&nbsp;&nbsp;&nbsp;&nbsp;&nbsp;A mo\u017ce to moje wypalenie tak mi zgrabnie zniekszta\u0142ca obraz? Mo\u017ce wcale nie jest tak beznadziejnie, jak mi si\u0119 wydaje? Przesta\u0142o mi si\u0119 chcie\u0107, brak mi konsekwencji, pomys\u0142\u00f3w,  ogarn\u0119\u0142o mnie zm\u0119czenie materia\u0142u, styki nie stykaj\u0105, przewody nie przewodz\u0105. Stupor, stagnacja, zawieszenie. Odganiam si\u0119 od dzieci jak od natr\u0119tnych much, \u017ceby wyrwa\u0107 cho\u0107 kawa\u0142ek przestrzeni dla siebie. Cho\u0107 mam w\u0105tpliwo\u015bci czy JA jeszcze istniej\u0119. I przecie\u017c to nie jest tak, \u017ce ich nie kocham, \u017ce ich nie chc\u0119. Wiadomo, \u017ce s\u0105 ca\u0142ym moim \u015bwiatem. O! W\u0142a\u015bnie, trafnie napisane. S\u0105 ca\u0142ym moim \u015bwiatem, albo wi\u0119ksz\u0105 jego cz\u0119\u015bci\u0105. A ja bym chcia\u0142a mie\u0107 kawa\u0142ek swojego \u015bwiata. Takiego tylko mojego, w\u0142asnego.<br \/>\n<br \/>[smartads]<br \/>\n&nbsp;&nbsp;&nbsp;&nbsp;&nbsp;Dzie\u0144 podobny do dnia. Zero rozrywek, atrakcji, perspektyw. Pranie, gotowanie, sprz\u0105tanie, bla, bla, bla.  Za nami zima. Nie to, \u017ceby jaka\u015b upierdliwa szczeg\u00f3lnie by\u0142a. Cho\u0107 nawet gdyby by\u0142a, to bym nie zauwa\u017cy\u0142a, chyba \u017ce przez okno. Uda\u0142o nam si\u0119 przechorowa\u0107 ponad dwa i p\u00f3\u0142 miesi\u0105ca. Wszystkim. Znaczy opr\u00f3cz Wszechmog\u0105cego, bo on si\u0119 z nami nie kisi\u0142 w tych zarazkach. Tylko pracowa\u0142 od rana do nocy na chleb nasz powszedni i moje zachcianki. A tych jak wiadomo nie brakuje, wr\u0119cz w nadmiarze s\u0105 raczej. Przez to, \u017ce i mi uda\u0142o si\u0119 \u0142ykn\u0105\u0107 cztery serie antybiotyk\u00f3w biegowo i ruchowo te\u017c by\u0142o wcale. Co chyba dodatkowo pogr\u0105\u017cy\u0142o mnie w bagniskach duszy mej nieczystej.<\/div>\n<p><!--nextpage--><\/p>\n<div align=\"justify\">&nbsp;&nbsp;&nbsp;&nbsp;&nbsp;Ale \u017ceby nie wia\u0142o tutaj smutkiem i padlin\u0105, to mam te\u017c optymistyczny akcent. Po tym ca\u0142ym chorowaniu, niebieganiu i aplikowaniu sobie chemii wszelakiej g\u0142\u00f3wnie doustnie, postanowi\u0142am si\u0119 nie poddawa\u0107. W planach mia\u0142am przebiegni\u0119cie P\u00f3\u0142maratonu Warszawskiego. Tak! Szalony pomys\u0142, ale zrodzi\u0142 si\u0119 na pocz\u0105tku zimy, \u017cebym mia\u0142a jaki\u015b cel. Cel zosta\u0142. Treningi niezrealizowane te\u017c zosta\u0142y. Mia\u0142am zrezygnowa\u0107. Ale podda\u0107 si\u0119 tak bez walki? Nie, to nie w moim stylu. Tak wi\u0119c pomimo obaw o swoje zdrowie i \u017cycie stan\u0119\u0142am na starcie. Ba! Zameldowa\u0142am si\u0119 na mecie!!! Jaka to satysfakcja dla kury o ma\u0142ym zasi\u0119gu, wiem tylko ja. I nawet nie b\u0119d\u0119 pr\u00f3bowa\u0142a opisywa\u0107. Dla mnie bezcenne.<br \/>\n<br \/><img loading=\"lazy\" decoding=\"async\" src=\"http:\/\/www.erodzina.eu\/wp-content\/uploads\/2012\/04\/Kredka_Polmaraton1.jpg\" alt=\"kredka\" title=\"Kredka_Polmaraton1\" width=\"350\" height=\"517\" class=\"aligncenter size-full wp-image-3584\" \/><br \/>\n&nbsp;&nbsp;&nbsp;&nbsp;&nbsp;Wida\u0107 nawet u raczej przepe\u0142nionej optymizmem Matki Polki Um\u0119czonej zdarzaj\u0105 si\u0119 gorsze okresy. Bo to trudno nazwa\u0107 dniami. Wszechmog\u0105cy dobrze to skwitowa\u0142: \u201es\u0105 gorsze i s\u0142absze dni\u201d. M\u0119drzec normalnie. Filozof. Jak wida\u0107, takie stany te\u017c s\u0105 wpisane w bycie rodzicem. A mo\u017ce to bezpo\u015brednio z macierzy\u0144stwem nie ma nic wsp\u00f3lnego? Mo\u017ce ja tak zwalam na te dzieci moj\u0105 najzwyklejsz\u0105 nieudolno\u015b\u0107 \u017cyciow\u0105? Lenistwo? Brak wiary, \u017ce mo\u017ce by\u0107 inaczej? Niemniej mam nadziej\u0119, \u017ce to przej\u015bciowe jest. Bo ostatnio rz\u0105dzi hit: \u201eWsi\u0105\u015b\u0107 do poci\u0105gu byle jakiego\u2026\u201d<br \/>\n<br \/>[smartads]<br \/>\n&nbsp;&nbsp;&nbsp;&nbsp;&nbsp;Szczeg\u00f3lnie, \u017ce robi\u0119 drugie podej\u015bcie, mam nadziej\u0119 ostateczne, do odpieluchowania M\u0142odej. I to zdecydowanie zawa\u017cy\u0142o na decyzji, \u017ce kategorycznie odmawiam posiadania wi\u0119kszej ilo\u015bci potomstwa. Po prostu kolejnego odpieluchowania kogokolwiek nie przetrwam. Nie jestem ani specjalnie obrzydliwa, ani przewra\u017cliwiona. Fizjologia nie jest mi obca. Ale helo\u0142! Moja c\u00f3rka potrafi zaskoczy\u0107 ka\u017cdego. A mnie zaskakuje odk\u0105d przysz\u0142a na \u015bwiat. Chodz\u0119 z rozdziawion\u0105 jap\u0105 ze zdziwienia ka\u017cdego dnia.  Ale nie poddaj\u0119 si\u0119 w tej kwestii, walcz\u0119 dzielnie, ponosz\u0119 ofiary. B\u0119dzie dobrze. W ko\u0144cu przede mn\u0105 nieuchronne zwyci\u0119stwo. Tak sobie codziennie powtarzam. Wsta\u0144, przetrwaj, za\u015bnij.<\/p>\n<p><i>Kredk@<\/i><\/div>\n","protected":false},"excerpt":{"rendered":"<p>&nbsp;&nbsp;&nbsp;&nbsp;&nbsp;Nadesz\u0142a wiekopomna chwila. Czu\u0142am od d\u0142u\u017cszego czasu, \u017ce si\u0119 zbli\u017ca. Jak ju\u017c zda\u0142am sobie spraw\u0119 z&nbsp;macierzy\u0144skiego do\u017cywocia, poczu\u0142am wszechogarniaj\u0105ce wypalenie. Mam do\u015b\u0107. Bardzo, bardzo, bardzo do\u015b\u0107. Pragn\u0119 pracy. Mog\u0119 nawet rowy kopa\u0107, byleby w pobli\u017cu \u017cadnych dzieci nie by\u0142o. Poziom mojej kurzej frustracji kipi i bulgoce z\u0142owrogo. Trudno powiedzie\u0107, co mo\u017ce si\u0119 zdarzy\u0107, jak si\u0119 &hellip; <\/p>\n<p class=\"link-more\"><a href=\"http:\/\/www.erodzina.pl\/index.php\/2012\/04\/17\/kurze-wypalenie\/\" class=\"more-link\">Czytaj dalej<span class=\"screen-reader-text\"> Kurze wypalenie<\/span><\/a><\/p>\n","protected":false},"author":1,"featured_media":0,"comment_status":"open","ping_status":"open","sticky":false,"template":"","format":"standard","meta":{"footnotes":""},"categories":[70,22,77,40,54],"tags":[222,534,1088],"class_list":["post-3575","post","type-post","status-publish","format-standard","hentry","category-felietony","category-kredka","category-mama-byc","category-rodzina","category-zycie-wokol-nas","tag-ciezar-macierzynstwa","tag-macierzynstwo","tag-trudy-macierzynstwa","entry"],"_links":{"self":[{"href":"http:\/\/www.erodzina.pl\/index.php\/wp-json\/wp\/v2\/posts\/3575","targetHints":{"allow":["GET"]}}],"collection":[{"href":"http:\/\/www.erodzina.pl\/index.php\/wp-json\/wp\/v2\/posts"}],"about":[{"href":"http:\/\/www.erodzina.pl\/index.php\/wp-json\/wp\/v2\/types\/post"}],"author":[{"embeddable":true,"href":"http:\/\/www.erodzina.pl\/index.php\/wp-json\/wp\/v2\/users\/1"}],"replies":[{"embeddable":true,"href":"http:\/\/www.erodzina.pl\/index.php\/wp-json\/wp\/v2\/comments?post=3575"}],"version-history":[{"count":0,"href":"http:\/\/www.erodzina.pl\/index.php\/wp-json\/wp\/v2\/posts\/3575\/revisions"}],"wp:attachment":[{"href":"http:\/\/www.erodzina.pl\/index.php\/wp-json\/wp\/v2\/media?parent=3575"}],"wp:term":[{"taxonomy":"category","embeddable":true,"href":"http:\/\/www.erodzina.pl\/index.php\/wp-json\/wp\/v2\/categories?post=3575"},{"taxonomy":"post_tag","embeddable":true,"href":"http:\/\/www.erodzina.pl\/index.php\/wp-json\/wp\/v2\/tags?post=3575"}],"curies":[{"name":"wp","href":"https:\/\/api.w.org\/{rel}","templated":true}]}}