{"id":3648,"date":"2012-05-11T22:26:13","date_gmt":"2012-05-11T22:26:13","guid":{"rendered":"http:\/\/www.erodzina.eu\/?p=3648"},"modified":"2012-05-11T22:26:13","modified_gmt":"2012-05-11T22:26:13","slug":"pierwszy-tydzien-ciazy","status":"publish","type":"post","link":"http:\/\/www.erodzina.pl\/index.php\/2012\/05\/11\/pierwszy-tydzien-ciazy\/","title":{"rendered":"1 tydzie\u0144 ci\u0105\u017cy"},"content":{"rendered":"<div align=\"justify\"><img loading=\"lazy\" decoding=\"async\" src=\"http:\/\/www.erodzina.eu\/wp-content\/uploads\/2012\/05\/brzuch11.jpg\" alt=\"pierwszy tydzie\u0144 ci\u0105\u017cy\" title=\"pierwszy tydzie\u0144 ci\u0105\u017cy\" width=\"200\" height=\"200\" class=\"alignleft size-full wp-image-3660\" \/>&nbsp;&nbsp;&nbsp;&nbsp;&nbsp;Je\u015bli nie jeste\u015b jeszcze <strong>w ci\u0105\u017cy<\/strong>, to wiedz, \u017ce w tak zwanym <i>pierwszym tygodniu ci\u0105\u017cy<\/i> r\u00f3wnie\u017c jeszcze w ci\u0105\u017cy nie b\u0119dziesz. By\u0107 mo\u017ce brzmi nielogicznie, ale \u015bpiesz\u0119 z wyja\u015bnieniami. Trudno dok\u0142adnie ustali\u0107 moment zap\u0142odnienia. A jeszcze trudniej jest to usystematyzowa\u0107, uregulowa\u0107 i odnie\u015b\u0107 do ca\u0142ej populacji. Nawet moment tego w\u0142a\u015bciwego stosunku nie jest r\u00f3wnoznaczny z&nbsp;momentem zap\u0142odnienia,  bo do zap\u0142odnienia nie musi doj\u015b\u0107 od razu. Dlatego umownie <strong>pierwszy tydzie\u0144 ci\u0105\u017cy<\/strong> liczy si\u0119 od pierwszego dnia ostatniej miesi\u0105czki. <!--more--><br \/>\n&nbsp;&nbsp;&nbsp;&nbsp;&nbsp;Przyjmijmy zatem, \u017ce dzi\u015b jest ten dzie\u0144, pierwszy dzie\u0144 <a href=http:\/\/www.erodzina.eu\/fazy-kobiecego-cyklu\/>kobiecego cyklu<\/a> czyli pierwszy dzie\u0144 Twojej ostatniej miesi\u0105czki. B\u0142ona \u015bluzowa, kt\u00f3ra nie zosta\u0142a wykorzystana zgodnie z jej przeznaczeniem w&nbsp;poprzednim cyklu, z\u0142uszcza si\u0119 i jest wydalana w formie krwawienia miesi\u0105czkowego. Przyjmuj\u0105c regularny 28-dniowy cykl, do zap\u0142odnienia mo\u017ce doj\u015b\u0107 oko\u0142o 14 dnia. Wtedy mniej wi\u0119cej przypadaj\u0105 dni p\u0142odne. Je\u015bli jeste\u015b w trakcie stara\u0144 \u2013 powodzenia!<br \/>\n&nbsp;&nbsp;&nbsp;&nbsp;&nbsp;<strong>Termin porodu<\/strong> mo\u017cna wyliczy\u0107 metod\u0105 Neagellego, bazuj\u0105c na dacie pierwszego dnia ostatniej miesi\u0105czki, dlatego warto ten dzie\u0144 zanotowa\u0107. Do tej daty nale\u017cy doda\u0107 7 dni, przy za\u0142o\u017ceniu, \u017ce cykle s\u0105 28-dniowe, a je\u015bli s\u0105 d\u0142u\u017csze, nale\u017cy doda\u0107 jeszcze liczb\u0119 dni powy\u017cej 28. Nast\u0119pnie do uzyskanej daty dodajemy rok i od tej daty odejmujemy 3 miesi\u0105ce. W ten spos\u00f3b przyjmuje si\u0119, \u017ce <strong>ci\u0105\u017ca<\/strong> trwa 40 tygodni (281 dni). Za donoszon\u0105 ci\u0105\u017c\u0119 uznaje si\u0119 tak\u0105, kt\u00f3ra zako\u0144czy\u0142a si\u0119 porodem pomi\u0119dzy 38 a 42 tygodniem ci\u0105\u017cy. W tym okresie ci\u0105\u017cy rodzi si\u0119 oko\u0142o 95% dzieci.<br \/>\n<br \/><img loading=\"lazy\" decoding=\"async\" src=\"http:\/\/www.erodzina.eu\/wp-content\/uploads\/2012\/05\/brzuch1.jpg\" alt=\"pierwszy tydzie\u0144 ci\u0105\u017cy\" title=\"pierwszy tydzie\u0144 ci\u0105\u017cy\" width=\"590\" height=\"300\" class=\"aligncenter size-full wp-image-3656\" \/><br \/>\n&nbsp;&nbsp;&nbsp;&nbsp;&nbsp;W czasie naturalnego cyklu miesi\u0105czkowego mo\u017ce doj\u015b\u0107 do zap\u0142odnienia lub nie, mo\u017ce doj\u015b\u0107 do zagnie\u017cd\u017cenia si\u0119 zap\u0142odnionej kom\u00f3rki jajowej lub nie. Oko\u0142o 50% zap\u0142odnionych kom\u00f3rek ginie samoistnie, nie ulega zagnie\u017cd\u017ceniu i kobieta nigdy nie dowiaduje si\u0119, \u017ce jej kom\u00f3rka jajowa zosta\u0142a zap\u0142odniona. Po zagnie\u017cd\u017ceniu kom\u00f3rki jajowej r\u00f3wnie\u017c nie ma gwarancji, \u017ce ci\u0105\u017ca si\u0119 utrzyma. Oko\u0142o 1 ci\u0105\u017ca na 10 zagnie\u017cd\u017conych ko\u0144czy si\u0119 przedwcze\u015bnie.<br \/>\n&nbsp;&nbsp;&nbsp;&nbsp;&nbsp;Je\u015bli starasz si\u0119 o dziecko, to zapewne wiesz, \u017ce <a href= http:\/\/www.erodzina.eu\/planowanie-ciazy\/>planowanie ci\u0105\u017cy<\/a> to do\u015b\u0107 z\u0142o\u017cony proces. Kobieta przed zaj\u015bciem w ci\u0105\u017c\u0119 powinna zadba\u0107 o siebie, przej\u015b\u0107 na higieniczny tryb \u017cycia, wprowadzi\u0107 zdrowe nawyki \u017cywieniowe, zapewni\u0107 sobie odpowiedni\u0105 dawk\u0119 ruchu i po\u017cegna\u0107 si\u0119 z niezdrowymi na\u0142ogami. Razem z&nbsp;partnerem powinni za\u017cywa\u0107 kwas foliowy. Kobieta powinna zrobi\u0107 podstawowe badania, zdiagnozowa\u0107 wszelkie schorzenia, kt\u00f3re mog\u0142yby zagrozi\u0107 ci\u0105\u017cy i zacz\u0105\u0107 je leczy\u0107, a tak\u017ce zaszczepi\u0107 si\u0119 na choroby, kt\u00f3re r\u00f3wnie\u017c s\u0105 w ci\u0105\u017cy niebezpieczne. Nale\u017cy zatem odwiedzi\u0107 lekarza rodzinnego, ginekologa oraz stomatologa.<br \/>\n<br \/>[smartads]<br \/>\n&nbsp;&nbsp;&nbsp;&nbsp;&nbsp;1 tydzie\u0144 ci\u0105\u017cy, jak wida\u0107, jest ci\u0105\u017c\u0105 tylko na papierze. Realna ci\u0105\u017ca pojawia si\u0119 nieco p\u00f3\u017aniej. Ju\u017c wkr\u00f3tce, je\u015bli wszystko p\u00f3jdzie dobrze, w Twoim \u0142onie zacznie rosn\u0105\u0107 nowe \u017cycie i b\u0119dziesz mog\u0142a \u015bledzi\u0107 jego rozw\u00f3j. Z pewno\u015bci\u0105 pomocny w tej kwestii oka\u017ce si\u0119 kalendarz ci\u0105\u017cy.<\/p>\n<p><i>\/eR<\/i><\/div>\n","protected":false},"excerpt":{"rendered":"<p>&nbsp;&nbsp;&nbsp;&nbsp;&nbsp;Je\u015bli nie jeste\u015b jeszcze w ci\u0105\u017cy, to wiedz, \u017ce w tak zwanym pierwszym tygodniu ci\u0105\u017cy r\u00f3wnie\u017c jeszcze w ci\u0105\u017cy nie b\u0119dziesz. By\u0107 mo\u017ce brzmi nielogicznie, ale \u015bpiesz\u0119 z wyja\u015bnieniami. Trudno dok\u0142adnie ustali\u0107 moment zap\u0142odnienia. A jeszcze trudniej jest to usystematyzowa\u0107, uregulowa\u0107 i odnie\u015b\u0107 do ca\u0142ej populacji. Nawet moment tego w\u0142a\u015bciwego stosunku nie jest r\u00f3wnoznaczny z&nbsp;momentem &hellip; <\/p>\n<p class=\"link-more\"><a href=\"http:\/\/www.erodzina.pl\/index.php\/2012\/05\/11\/pierwszy-tydzien-ciazy\/\" class=\"more-link\">Czytaj dalej<span class=\"screen-reader-text\"> 1 tydzie\u0144 ci\u0105\u017cy<\/span><\/a><\/p>\n","protected":false},"author":1,"featured_media":0,"comment_status":"open","ping_status":"open","sticky":false,"template":"","format":"standard","meta":{"footnotes":""},"categories":[5,18,39],"tags":[90,211,443,740,847],"class_list":["post-3648","post","type-post","status-publish","format-standard","hentry","category-ciaza","category-kalendarz-ciazy","category-redakcja-autorzy","tag-1-tydzien-ciazy","tag-ciaza-2","tag-kalendarz-ciazy-2","tag-pierwszy-tydzien-ciazy","tag-przebieg-ciazy","entry"],"_links":{"self":[{"href":"http:\/\/www.erodzina.pl\/index.php\/wp-json\/wp\/v2\/posts\/3648","targetHints":{"allow":["GET"]}}],"collection":[{"href":"http:\/\/www.erodzina.pl\/index.php\/wp-json\/wp\/v2\/posts"}],"about":[{"href":"http:\/\/www.erodzina.pl\/index.php\/wp-json\/wp\/v2\/types\/post"}],"author":[{"embeddable":true,"href":"http:\/\/www.erodzina.pl\/index.php\/wp-json\/wp\/v2\/users\/1"}],"replies":[{"embeddable":true,"href":"http:\/\/www.erodzina.pl\/index.php\/wp-json\/wp\/v2\/comments?post=3648"}],"version-history":[{"count":0,"href":"http:\/\/www.erodzina.pl\/index.php\/wp-json\/wp\/v2\/posts\/3648\/revisions"}],"wp:attachment":[{"href":"http:\/\/www.erodzina.pl\/index.php\/wp-json\/wp\/v2\/media?parent=3648"}],"wp:term":[{"taxonomy":"category","embeddable":true,"href":"http:\/\/www.erodzina.pl\/index.php\/wp-json\/wp\/v2\/categories?post=3648"},{"taxonomy":"post_tag","embeddable":true,"href":"http:\/\/www.erodzina.pl\/index.php\/wp-json\/wp\/v2\/tags?post=3648"}],"curies":[{"name":"wp","href":"https:\/\/api.w.org\/{rel}","templated":true}]}}