{"id":3773,"date":"2012-05-28T20:50:55","date_gmt":"2012-05-28T20:50:55","guid":{"rendered":"http:\/\/www.erodzina.eu\/?p=3773"},"modified":"2012-05-28T20:50:55","modified_gmt":"2012-05-28T20:50:55","slug":"razem-czy-osobno","status":"publish","type":"post","link":"http:\/\/www.erodzina.pl\/index.php\/2012\/05\/28\/razem-czy-osobno\/","title":{"rendered":"Razem czy osobno?"},"content":{"rendered":"<div align=\"justify\"><img loading=\"lazy\" decoding=\"async\" src=\"http:\/\/www.erodzina.eu\/wp-content\/uploads\/2012\/05\/spaniezdzieckiem.jpg\" alt=\"spanie z dzieckiem\" title=\"spaniezdzieckiem\" width=\"200\" height=\"175\" class=\"alignleft size-full wp-image-3784\" \/>&nbsp;&nbsp;&nbsp;&nbsp;&nbsp;Nie no\u015b, nie ko\u0142ysz, nie g\u0142aszcz, nie bujaj, nie przytulaj, nie \u015bpij z dzieckiem. Za chwil\u0119 jeszcze us\u0142yszymy: nie kochaj, bo si\u0119 przyzwyczai!<br \/>\n&nbsp;&nbsp;&nbsp;&nbsp;&nbsp;Oczywi\u015bcie we wszystkim jest troch\u0119 racji, ale tylko troch\u0119. Bo jak wynia\u0144czymy dziecko do granic mo\u017cliwo\u015bci, nie odst\u0105pimy go na krok, nie oddamy pod opiek\u0119 tacie, babci, cioci, czy zag\u0142aszczemy na \u015bmier\u0107, to z pewno\u015bci\u0105 tak si\u0119 przyzwyczai do naszej obecno\u015bci i&nbsp;blisko\u015bci, \u017ce wszelkie pr\u00f3by roz\u0142\u0105ki b\u0119d\u0105 si\u0119 ko\u0144czy\u0107 spazmatycznym p\u0142aczem. We wszystkim trzeba znale\u017a\u0107 z\u0142oty \u015brodek, a ju\u017c szczeg\u00f3lnie je\u015bli chodzi o&nbsp;wychowywanie dziecka. Ale paranoj\u0105 jest wmawianie matkom i ojcom, \u017ce noszenie i przytulanie malucha jest dla niego i dla nas niedobre. Wszak ono nas potrzebuje w tym nowym \u015bwiecie, na nas tylko mo\u017ce liczy\u0107 i tylko my \u2013 rodzice, mo\u017cemy mu da\u0107 poczucie bezpiecze\u0144stwa. <!--more--><\/p>\n<p style=\"text-align:center; color:#4B0082; font-size:15px; float:right; border-top:3px; clear:right; margin: 30px 30px 20px 20px;\">\n<b>Niemowl\u0119 X powinno by\u0107 zostawiane<br \/>\nw \u0142\u00f3\u017ceczku samo na 2, 5,7 minut,<br \/>\na niemowl\u0119 Y powinno zasypia\u0107<br \/>\nw chu\u015bcie. Niemowl\u0119 X powinno pi\u0107<br \/>\nmleko matki do uko\u0144czenia 6 miesi\u0105ca<br \/>\n\u017cycia, niemowl\u0119 Y powinno w pi\u0105tym<br \/>\nmiesi\u0105cu wcina\u0107 marchewk\u0119.<\/b><\/p>\n<p>&nbsp;&nbsp;&nbsp;&nbsp;&nbsp;Kiedy pojawia si\u0119 nowy cz\u0142onek rodziny, wraz z&nbsp;nim pojawia si\u0119 mn\u00f3stwo \u017cyczliwych rad od os\u00f3b trzecich. Najcz\u0119\u015bciej od bab\u0107, cio\u0107 i&nbsp;s\u0105siadek, czyli kobiet, kt\u00f3rym wydaje si\u0119, \u017ce jako takie (lub spore, lub kompletne) poj\u0119cie o&nbsp;wychowywaniu maj\u0105. Mo\u017ce i maj\u0105, skoro wychowa\u0142y dwoje czy troje dzieci. Niech b\u0119dzie. Zapominaj\u0105 jednak o tym, \u017ce to, co by\u0142o dobre dla ich potomstwa, niekoniecznie musi takim by\u0107 dla naszego. W\u00f3wczas zaczynaj\u0105 si\u0119 pouczenia typu: \u201eNie no\u015b tak ma\u0142ego, bo si\u0119 przyzwyczai i nie b\u0119dziesz mia\u0142a \u017cycia\u201d, \u201eNie usypiaj, niech samo za\u015bnie w&nbsp;\u0142\u00f3\u017ceczku, bo ci\u0119 wykorzystuje\u201d, \u201eNie przeno\u015b do waszego \u0142\u00f3\u017cka, bo ci si\u0119 ma\u0142\u017ce\u0144stwo rozpadnie\u201d i wiele, wiele innych podobnej ma\u015bci. Nie wystarczy, \u017ce m\u0142oda matka ma w\u0105tpliwo\u015bci powodowane brakiem do\u015bwiadczenia. Dodatkowo otrzymuje mn\u00f3stwo informacji z zewn\u0105trz, najcz\u0119\u015bciej sprzecznych i dochodzi do tego, \u017ce ju\u017c sama nie wie, co tak naprawd\u0119 dla jej dziecka jest najlepsze.<br \/>\n&nbsp;&nbsp;&nbsp;&nbsp;&nbsp;O ile \u201ezwyczajne\u201d kobiety mog\u0105 mie\u0107 r\u00f3\u017cne zdania na temat wychowywania dzieci, o tyle naukowcy powinni by\u0107 co do tej kwestii zgodni. Tak jednak nie jest. Z jednej strony zasypuj\u0105 nas kampaniami o zab\u00f3jczych skutkach spania z dzieckiem w jednym \u0142\u00f3\u017cku, a z drugiej udowadniaj\u0105, \u017ce osamotnione w \u0142\u00f3\u017ceczku dzieci\u0119 gorzej si\u0119 rozwija i mo\u017ce mie\u0107 problemy emocjonalne. I w co tu wierzy\u0107? Podobnie sytuacja wygl\u0105da w tzw. literaturze fachowej. Niemowl\u0119 X powinno by\u0107 zostawiane w \u0142\u00f3\u017ceczku samo na 2, 5,7 minut, a niemowl\u0119 Y&nbsp;powinno zasypia\u0107 w chu\u015bcie. Niemowl\u0119 X powinno pi\u0107 mleko matki do uko\u0144czenia 6 miesi\u0105ca \u017cycia, niemowl\u0119 Y powinno w pi\u0105tym miesi\u0105cu wcina\u0107 marchewk\u0119. A co je\u015bli nasze dziecko to po\u0142\u0105czenie X&nbsp;i&nbsp;Y&nbsp;z&nbsp;domieszk\u0105 Z? Gdzie jest ksi\u0105\u017cka, kt\u00f3ra nam wyja\u015bni, jak post\u0119powa\u0107 z takim dzieckiem? No jasne, \u017ce nie ma. Gdyby istnia\u0142a lektura, kt\u00f3ra wyja\u015bnia\u0142aby wszystko odno\u015bnie opieki nad dzieckiem, jej autor by\u0142by teraz miliarderem wypoczywaj\u0105cym na Malediwach czy innych Bahamach i s\u0105cz\u0105cym pinacolad\u0119 z&nbsp;parasolk\u0105.  Niestety wszyscy naukowcy i pisarze zostali w domach, bo jeszcze nie uda\u0142o im si\u0119 napisa\u0107 niczego tak odkrywczego.<br \/>\n<br \/>[smartads]<br \/>\n&nbsp;&nbsp;&nbsp;&nbsp;&nbsp;A zatem czego dowodzi taki brak w literaturze fachowej? A tego, \u017ce spory fach mamy we w\u0142asnych g\u0142owach, drogie matki. I nie to, \u017ce nagle instynktownie jeste\u015bmy w stanie stworzy\u0107 dziecku schemat \u017cywienia, ksi\u0105\u017ceczk\u0119 szczepie\u0144 z pe\u0142nymi nazwami, pozna\u0107 ca\u0142y wachlarz chor\u00f3b niemowl\u0119cych i sposoby radzenia sobie z nimi. Nie. Od tego jest literatura, naukowcy i lekarze, a naszym obowi\u0105zkiem jest jako takie zaznajomienie si\u0119 z tymi zagadnieniami. Stary jak \u015bwiat frazes, \u017ce ka\u017cde dziecko jest inne, ma swoje potwierdzenie w ka\u017cdej sytuacji i b\u0119dzie zawsze na czasie. No nie ma si\u0142y. Nie da si\u0119 wszystkich maluch\u00f3w wcisn\u0105\u0107 do jednego wora i post\u0119powa\u0107 z nimi identycznie. Jeden szkrab preferuje to, inny tamto, jedna matka podaje marchewk\u0119, druga mleko, jeden tatu\u015b ko\u0142ysze, drugi odk\u0142ada do \u0142\u00f3\u017ceczka i tak w&nbsp;niesko\u0144czono\u015b\u0107. Ka\u017cdy inaczej, bo ka\u017cdy jest inny i ka\u017cdemu odpowiada co innego.<\/div>\n<p><!--nextpage--><\/p>\n<div align=\"justify\">&nbsp;&nbsp;&nbsp;&nbsp;&nbsp;Ot\u00f3\u017c to. I tu jest ca\u0142e sedno sprawy. Na nic wszystkie poradniki, psychologiczne uzasadnienia, komentarze, kiedy tak naprawd\u0119 nam to nie pasuje i nie le\u017cy w naszej naturze (pomijam tu oczywi\u015bcie wszelkie patologiczne osobowo\u015bci). Skoro \u201eszcz\u0119\u015bliwa matka = szcz\u0119\u015bliwe dziecko\u201d to dlaczego, wszystkie ksi\u0105\u017cki pr\u00f3buj\u0105 j\u0105 na si\u0142\u0119 uszcz\u0119\u015bliwia\u0107 swoimi poradami, kt\u00f3re jej nie pasuj\u0105?  Za\u0142\u00f3\u017cmy, \u017ce szcz\u0119\u015bliwi rodzice czuj\u0105 si\u0119 rado\u015bni wtedy, kiedy zabieraj\u0105 dziecko do \u0142\u00f3\u017cka, a poradnik  bezapelacyjnie nakazuje, \u017ce maj\u0105 odk\u0142ada\u0107 dziecko do \u0142\u00f3\u017ceczka. No a&nbsp;skoro tak m\u00f3wi ksi\u0105\u017cka, to szcz\u0119\u015bliwi rodzice nie powinni jej kwestionowa\u0107&#8230; Wi\u0119c odk\u0142adaj\u0105 i z dnia na dzie\u0144 staj\u0105 si\u0119 bledsi, bardziej \u015bpi\u0105cy, przem\u0119czeni i rozdra\u017cnieni. Co\u015b to szcz\u0119\u015bcie zaczyna im umyka\u0107 i&nbsp;w&nbsp;rezultacie ich dziecku te\u017c. Ju\u017c nie czuj\u0105 si\u0119 szcz\u0119\u015bliwi, a raczej przymuszeni. Przymuszeni do wybierania rozwi\u0105za\u0144, z kt\u00f3rymi si\u0119 nie zgadzaj\u0105.  I tak mo\u017ce by\u0107 ze wszystkim. Dlatego mamy co\u015b takiego jak zdrowy rozs\u0105dek, kt\u00f3ry, je\u015bli go pos\u0142uchamy, pozwoli nam przebrn\u0105\u0107 przez meandry macierzy\u0144stwa, ojcostwa, ma\u0142\u017ce\u0144stwa i relacji rodzinnych. Grunt,  to uwierzy\u0107 w siebie i ws\u0142ucha\u0107 si\u0119 w potrzeby w\u0142asne i swojej rodziny. W\u0142asne, nie czyje\u015b.<br \/>\n<br \/><center><img loading=\"lazy\" decoding=\"async\" src=\"http:\/\/www.erodzina.eu\/wp-content\/uploads\/2012\/05\/dzieckospi.jpg\" alt=\"dziecko\" title=\"dzieckospi\" width=\"580\" height=\"410\" class=\"alignnone size-full wp-image-3788\" \/><\/center><br \/>\n&nbsp;&nbsp;&nbsp;&nbsp;&nbsp;Co wi\u0119c robi\u0107? Spa\u0107 z tym dzieckiem czy nie? Ile rodzin, tyle opinii. Ka\u017cdy b\u0119dzie mia\u0142 swoje argumenty nie do obalenia. Najwa\u017cniejsze, to si\u0119 zastanowi\u0107, czy pragn\u0119 uszcz\u0119\u015bliwia\u0107 innych, czy w\u0142asn\u0105 rodzin\u0119. Czy chc\u0119 chwali\u0107 si\u0119, jakim jestem rodzicem, bo post\u0119puj\u0119 wed\u0142ug zasad narzuconych przez zdecydowan\u0105 wi\u0119kszo\u015b\u0107 spo\u0142ecze\u0144stwa, czy nie dbam o opini\u0119 innych, bo wa\u017cniejsze jest dla mnie dobro rodziny. Nie jest wa\u017cne, jak\u0105 podejmiesz decyzj\u0119 \u2013 \u015bpimy z dzieckiem czy nie. Wa\u017cne jest, by by\u0142a podj\u0119ta w zgodzie z sob\u0105 samym i&nbsp;w&nbsp;zgodzie z partnerem, a nie pod presj\u0105 otoczenia.<br \/>\n&nbsp;&nbsp;&nbsp;&nbsp;&nbsp;Zatem, je\u015bli wszystkim odpowiada spanie w jednym \u201egnie\u017adzie\u201d, nikomu to nie przeszkadza, nie powoduje \u017cadnych frustracji i pozwala wypocz\u0105\u0107, to nie widz\u0119 przeciwwskaza\u0144 dla takiego rozwi\u0105zania. Je\u015bli jednak wsp\u00f3lny sen jest uci\u0105\u017cliwy, dziecko noc\u0105 wierzga na wszystkie strony, jest niewygodnie, ciasno, a&nbsp;ma\u0142\u017conkom nie odpowiada takie odseparowanie w postaci maluszka mi\u0119dzy nimi, to trzeba sobie wsp\u00f3lne spanie darowa\u0107. Wi\u0119kszej filozofii tu nie widz\u0119.<br \/>\n<br \/>[smartads]<br \/>\n&nbsp;&nbsp;&nbsp;&nbsp;&nbsp;Trzeba pami\u0119ta\u0107, \u017ce nieistotne jest to, co m\u00f3wi\u0105 inni, to, w jaki spos\u00f3b wyra\u017caj\u0105 si\u0119 o naszych decyzjach, to, jak je kwestionuj\u0105 czy oceniaj\u0105. Najwa\u017cniejsza jest moja rodzina i jej szcz\u0119\u015bcie, wi\u0119c je\u015bli podejmowane decyzje zapewniaj\u0105 najbli\u017cszym taki stan, to reszta niespecjalnie si\u0119 liczy.<br \/>\n<i>Natalia<i><\/div>\n","protected":false},"excerpt":{"rendered":"<p>&nbsp;&nbsp;&nbsp;&nbsp;&nbsp;Nie no\u015b, nie ko\u0142ysz, nie g\u0142aszcz, nie bujaj, nie przytulaj, nie \u015bpij z dzieckiem. Za chwil\u0119 jeszcze us\u0142yszymy: nie kochaj, bo si\u0119 przyzwyczai! &nbsp;&nbsp;&nbsp;&nbsp;&nbsp;Oczywi\u015bcie we wszystkim jest troch\u0119 racji, ale tylko troch\u0119. Bo jak wynia\u0144czymy dziecko do granic mo\u017cliwo\u015bci, nie odst\u0105pimy go na krok, nie oddamy pod opiek\u0119 tacie, babci, cioci, czy zag\u0142aszczemy na \u015bmier\u0107, &hellip; <\/p>\n<p class=\"link-more\"><a href=\"http:\/\/www.erodzina.pl\/index.php\/2012\/05\/28\/razem-czy-osobno\/\" class=\"more-link\">Czytaj dalej<span class=\"screen-reader-text\"> Razem czy osobno?<\/span><\/a><\/p>\n","protected":false},"author":1,"featured_media":0,"comment_status":"open","ping_status":"open","sticky":false,"template":"","format":"standard","meta":{"footnotes":""},"categories":[70,30,40,47,54],"tags":[310,915,1008,1166],"class_list":["post-3773","post","type-post","status-publish","format-standard","hentry","category-felietony","category-natalia","category-rodzina","category-wychowanie","category-zycie-wokol-nas","tag-dziecko-2","tag-rodzice","tag-spanie-z-dzieckiem","tag-wychowanie-2","entry"],"_links":{"self":[{"href":"http:\/\/www.erodzina.pl\/index.php\/wp-json\/wp\/v2\/posts\/3773","targetHints":{"allow":["GET"]}}],"collection":[{"href":"http:\/\/www.erodzina.pl\/index.php\/wp-json\/wp\/v2\/posts"}],"about":[{"href":"http:\/\/www.erodzina.pl\/index.php\/wp-json\/wp\/v2\/types\/post"}],"author":[{"embeddable":true,"href":"http:\/\/www.erodzina.pl\/index.php\/wp-json\/wp\/v2\/users\/1"}],"replies":[{"embeddable":true,"href":"http:\/\/www.erodzina.pl\/index.php\/wp-json\/wp\/v2\/comments?post=3773"}],"version-history":[{"count":0,"href":"http:\/\/www.erodzina.pl\/index.php\/wp-json\/wp\/v2\/posts\/3773\/revisions"}],"wp:attachment":[{"href":"http:\/\/www.erodzina.pl\/index.php\/wp-json\/wp\/v2\/media?parent=3773"}],"wp:term":[{"taxonomy":"category","embeddable":true,"href":"http:\/\/www.erodzina.pl\/index.php\/wp-json\/wp\/v2\/categories?post=3773"},{"taxonomy":"post_tag","embeddable":true,"href":"http:\/\/www.erodzina.pl\/index.php\/wp-json\/wp\/v2\/tags?post=3773"}],"curies":[{"name":"wp","href":"https:\/\/api.w.org\/{rel}","templated":true}]}}