{"id":3919,"date":"2013-05-17T15:51:08","date_gmt":"2013-05-17T15:51:08","guid":{"rendered":"http:\/\/www.erodzina.eu\/?p=3919"},"modified":"2013-05-17T15:51:08","modified_gmt":"2013-05-17T15:51:08","slug":"fryzury-dla-dziewczynki","status":"publish","type":"post","link":"http:\/\/www.erodzina.pl\/index.php\/2013\/05\/17\/fryzury-dla-dziewczynki\/","title":{"rendered":"Fryzury dla dziewczynki"},"content":{"rendered":"<div align=\"justify\"><img loading=\"lazy\" decoding=\"async\" src=\"http:\/\/www.erodzina.eu\/wp-content\/uploads\/2013\/05\/fryzury.jpg\" alt=\"fryzury\" width=\"200\" height=\"194\" class=\"alignleft size-full wp-image-5673\" \/>&nbsp;&nbsp;&nbsp;&nbsp;&nbsp;Zazwyczaj po komunii dziewczynki bardzo chc\u0105 zmieni\u0107 fryzur\u0119 na kr\u00f3tsz\u0105. S\u0105 zm\u0119czone ci\u0105g\u0142ym rozczesywaniem i piel\u0119gnacj\u0105 d\u0142ugich w\u0142os\u00f3w. To do\u015b\u0107 powszechna praktyka, gdy\u017c mamy same s\u0105 zm\u0119czone piel\u0119gnacj\u0105 d\u0142ugich w\u0142os\u00f3w, o kt\u00f3re trzeba szczeg\u00f3lnie dba\u0107, by wygl\u0105da\u0142y zdrowo i \u0142adnie.<br \/>\n&nbsp;&nbsp;&nbsp;&nbsp;&nbsp;Skracanie dziewczynkom w\u0142os\u00f3w po komunii jest og\u00f3lnie dobrym pomys\u0142em. Dla dziecka wa\u017cna jest wygoda, a d\u0142ugie w\u0142osy s\u0105 wymagaj\u0105ce. Z tego te\u017c wzgl\u0119du odradzam cieniowanie w\u0142os\u00f3w, poniewa\u017c takie fryzury wygl\u0105daj\u0105 dobrze, gdy s\u0105 wymodelowane. Ma\u0142o kt\u00f3ra mama ma czas modelowa\u0107 w\u0142osy swojemu dziecku. Bardzo popularn\u0105 fryzur\u0105 dla ma\u0142ych dziewczynek i jednocze\u015bnie praktyczn\u0105 jest ci\u0119cie d\u0142u\u017csze z przodu, kr\u00f3tsze z ty\u0142u (BOB) &#8211; do linii karku, \u017ceby czasami mo\u017cna by\u0142o spi\u0105\u0107 w\u0142osy w ko\u0144ski ogon. W\u0142osy ci\u0119te r\u00f3wno, bez cieniowania, doskonale nadaj\u0105 si\u0119 do r\u00f3\u017cnego rodzaju upi\u0119\u0107, warkoczy. W\u0142osy czesane w dobierany k\u0142os nie wystaj\u0105 na bokach, delikatnie rozczesuj\u0105 si\u0119, nie tworz\u0105c ba\u0142aganu.<!--more--><br \/>\n<br \/>[smartads]<br \/>\n&nbsp;&nbsp;&nbsp;&nbsp;&nbsp;Nied\u0142ugo po komunii zbli\u017ca si\u0119 okres wakacyjny. Ca\u0142odzienne bieganie po dworze, wyjazdy, upa\u0142, piasek\u2026 Nie polecamy \u015bcina\u0107 w\u0142os\u00f3w i grzywek kr\u00f3tko. Grzywka zas\u0142ania czo\u0142o podczas k\u0105pieli s\u0142onecznych, co powoduje, \u017ce czo\u0142o si\u0119 nie opala i pozostaje plama. Grzywki nie mo\u017cna wczesa\u0107 w kucyk i cz\u0119sto przeszkadza podczas zabawy. Poza tym, w upalne dni czo\u0142o si\u0119 poci. Przykryte grzywk\u0105 poci si\u0119 jeszcze bardziej, co mo\u017ce prowadzi\u0107 do podra\u017cnienia sk\u00f3ry.<br \/>\n&nbsp;&nbsp;&nbsp;&nbsp;&nbsp;Bardzo cz\u0119sto z wyjazd\u00f3w wakacyjnych, szczeg\u00f3lnie do kraj\u00f3w egzotycznych, dziewczynki wracaj\u0105 z warkoczykami z dodatkiem sztucznych w\u0142os\u00f3w, zaplecionymi na ca\u0142ej g\u0142owie. Wygl\u0105da to bardzo fajnie, ale niestety skutki mog\u0105 by\u0107 bardzo przykre:<br \/>\n<img loading=\"lazy\" decoding=\"async\" src=\"http:\/\/www.erodzina.eu\/wp-content\/uploads\/2013\/05\/ufryzjera.jpg\" alt=\"u fryzjera\" width=\"520\" height=\"346\" class=\"aligncenter size-full wp-image-5674\" \/><\/p>\n<ul>\n<li>poparzona sk\u00f3ra g\u0142owy &#8211; w\u0142osy chroni\u0105 sk\u00f3r\u0119 przed czynnikami zewn\u0119trznymi, zebrane w warkoczyki, ods\u0142aniaj\u0105 sk\u00f3r\u0119<\/li>\n<li>zbyt mocne napr\u0119\u017cenie sk\u00f3ry powoduj\u0105ce zapalenie mieszka w\u0142osowego<\/li>\n<li>zbyt du\u017ce obci\u0105\u017cenie dla cebulki w\u0142osa skutkuj\u0105ce utrat\u0105 w\u0142os\u00f3w, wyrywaniem poszczeg\u00f3lnych partii w\u0142os\u00f3w<\/li>\n<li>zdredowienie, kt\u00f3re powoduje problemy z rozczesywaniem<\/li>\n<\/ul>\n<p>&nbsp;&nbsp;&nbsp;&nbsp;&nbsp;Dlatego trzeba ostro\u017cnie spe\u0142nia\u0107 wakacyjne fantazje dzieci, \u017ceby cen\u0105 tych fantazji nie by\u0142y zniszczone w\u0142osy.<\/p>\n<p><i>Emilia Liwska<\/i><br \/>\n<img loading=\"lazy\" decoding=\"async\" src=\"http:\/\/www.erodzina.eu\/wp-content\/uploads\/2012\/05\/logo_emiliasalon.jpg\" alt=\"Emilia\" title=\"logo_emiliasalon\" width=\"180\" height=\"76\" class=\"size-full wp-image-3704\" \/><\/div>\n","protected":false},"excerpt":{"rendered":"<p>&nbsp;&nbsp;&nbsp;&nbsp;&nbsp;Zazwyczaj po komunii dziewczynki bardzo chc\u0105 zmieni\u0107 fryzur\u0119 na kr\u00f3tsz\u0105. S\u0105 zm\u0119czone ci\u0105g\u0142ym rozczesywaniem i piel\u0119gnacj\u0105 d\u0142ugich w\u0142os\u00f3w. To do\u015b\u0107 powszechna praktyka, gdy\u017c mamy same s\u0105 zm\u0119czone piel\u0119gnacj\u0105 d\u0142ugich w\u0142os\u00f3w, o kt\u00f3re trzeba szczeg\u00f3lnie dba\u0107, by wygl\u0105da\u0142y zdrowo i \u0142adnie. &nbsp;&nbsp;&nbsp;&nbsp;&nbsp;Skracanie dziewczynkom w\u0142os\u00f3w po komunii jest og\u00f3lnie dobrym pomys\u0142em. Dla dziecka wa\u017cna jest wygoda, a &hellip; <\/p>\n<p class=\"link-more\"><a href=\"http:\/\/www.erodzina.pl\/index.php\/2013\/05\/17\/fryzury-dla-dziewczynki\/\" class=\"more-link\">Czytaj dalej<span class=\"screen-reader-text\"> Fryzury dla dziewczynki<\/span><\/a><\/p>\n","protected":false},"author":1,"featured_media":0,"comment_status":"open","ping_status":"open","sticky":false,"template":"","format":"standard","meta":{"footnotes":""},"categories":[57,9,14,54],"tags":[316,363,366],"class_list":["post-3919","post","type-post","status-publish","format-standard","hentry","category-aktualnosci","category-dziecko","category-goscie","category-zycie-wokol-nas","tag-dziecko-u-fryzjera","tag-fryzury-dla-dziewczynki","tag-fryzury-na-lato","entry"],"_links":{"self":[{"href":"http:\/\/www.erodzina.pl\/index.php\/wp-json\/wp\/v2\/posts\/3919","targetHints":{"allow":["GET"]}}],"collection":[{"href":"http:\/\/www.erodzina.pl\/index.php\/wp-json\/wp\/v2\/posts"}],"about":[{"href":"http:\/\/www.erodzina.pl\/index.php\/wp-json\/wp\/v2\/types\/post"}],"author":[{"embeddable":true,"href":"http:\/\/www.erodzina.pl\/index.php\/wp-json\/wp\/v2\/users\/1"}],"replies":[{"embeddable":true,"href":"http:\/\/www.erodzina.pl\/index.php\/wp-json\/wp\/v2\/comments?post=3919"}],"version-history":[{"count":0,"href":"http:\/\/www.erodzina.pl\/index.php\/wp-json\/wp\/v2\/posts\/3919\/revisions"}],"wp:attachment":[{"href":"http:\/\/www.erodzina.pl\/index.php\/wp-json\/wp\/v2\/media?parent=3919"}],"wp:term":[{"taxonomy":"category","embeddable":true,"href":"http:\/\/www.erodzina.pl\/index.php\/wp-json\/wp\/v2\/categories?post=3919"},{"taxonomy":"post_tag","embeddable":true,"href":"http:\/\/www.erodzina.pl\/index.php\/wp-json\/wp\/v2\/tags?post=3919"}],"curies":[{"name":"wp","href":"https:\/\/api.w.org\/{rel}","templated":true}]}}