{"id":448,"date":"2012-01-16T01:14:12","date_gmt":"2012-01-16T01:14:12","guid":{"rendered":"http:\/\/www.erodzina.eu\/?p=448"},"modified":"2012-01-16T01:14:12","modified_gmt":"2012-01-16T01:14:12","slug":"zima","status":"publish","type":"post","link":"http:\/\/www.erodzina.pl\/index.php\/2012\/01\/16\/zima\/","title":{"rendered":"Zima"},"content":{"rendered":"<div align=\"justify\"><img loading=\"lazy\" decoding=\"async\" src=\"http:\/\/www.erodzina.eu\/wp-content\/uploads\/2012\/01\/slimak1.jpeg\" alt=\"\" title=\"slimak1\" width=\"208\" height=\"209\" class=\"alignleft size-full wp-image-1503\" srcset=\"http:\/\/www.erodzina.pl\/wp-content\/uploads\/2012\/01\/slimak1.jpeg 208w, http:\/\/www.erodzina.pl\/wp-content\/uploads\/2012\/01\/slimak1-150x150.jpeg 150w\" sizes=\"auto, (max-width: 208px) 100vw, 208px\" \/>&nbsp;&nbsp;&nbsp;&nbsp;&nbsp;Dzieci lubi\u0105 zim\u0119. Mo\u017cna ulepi\u0107 ba\u0142wana. Mo\u017cna zbudowa\u0107 twierdz\u0119 ze \u015bniegu i obrzuca\u0107 si\u0119 \u015bnie\u017ckami. Dzieci uwielbiaj\u0105 obrzuca\u0107 si\u0119 \u015bnie\u017ckami. Dot\u0105d my\u015bla\u0142am, \u017ce nie tylko dzieci, ale kiedy mokra, zimna breja wyl\u0105dowa\u0142a mi za ko\u0142nierzem kurtki, stwierdzam stanowczo, \u017ce z niekt\u00f3rych zabaw jednak si\u0119 wyrasta.<br \/>\n&nbsp;&nbsp;&nbsp;&nbsp;&nbsp;Fajnie jest te\u017c zim\u0105 i\u015b\u0107 z dzieckiem na lodowisko. Fajnie, pod warunkiem, \u017ce posiada si\u0119 dziecko zwyczajne, takie, kt\u00f3re wo\u0142a &#8222;mamo boj\u0119 si\u0119!&#8221;, &#8222;mamo, trzymaj mnie!&#8221;. A nie takie, kt\u00f3re po pierwszych 10 minutach zaczyna gna\u0107 przed siebie w dzikim p\u0119dzie, z szata\u0144skim chichotem, nie zwa\u017caj\u0105c na pr\u00f3buj\u0105c\u0105 mu dotrzyma\u0107 kroku matk\u0119, kt\u00f3ra ma \u0142y\u017cwy na nogach pierwszy raz od kilku lat, a kt\u00f3ra to mia\u0142a pom\u00f3c swojemu dzieci\u0119ciu stawia\u0107 pierwsze kroki na lodzie. Dzieci\u0119 ma niestety w\u0142asny plan na nauk\u0119.<!--more--><\/p>\n<p style=\"text-align:center; color:#4B0082; font-size:15px; float:right; border-top:3px; clear:right; margin: 30px 30px 20px 20px;\">\n<b>&#8211; Mamo! \u015alimak!<br \/>Wykopa\u0142am go spod \u015bniegu.<br \/>\nChyba nie tylko<br \/>spod \u015bniegu&#8230;<br \/>Oceniam obiektywnie,<br \/>patrz\u0105c na ub\u0142ocone<br \/>r\u0119ce, buzi\u0119 i odzie\u017c<br \/>wierzchni\u0105 mojego<br \/>rozpromienionego brudasa.<\/b><\/p>\n<p>&nbsp;&nbsp;&nbsp;&nbsp;&nbsp;Zim\u0105 mo\u017cna te\u017c i\u015b\u0107 na saneczki. Mo\u017cna, pod warunkiem, \u017ce nie posiada si\u0119 dziecka z uszkodzonym instynktem samozachowawczym, kt\u00f3re to uszkodzenie, w po\u0142\u0105czeniu z sankami&#8230; po\u0142\u0105czonymi z psem zaprz\u0119gowym daje nam wymierny efekt. &#8222;Efekt&#8221; wygl\u0105da tak, \u017ce pies p\u0119dzi przed siebie z szata\u0144skim chichotem (s\u0142owo daj\u0119!), a dziecko siedzi na p\u0119dz\u0105cych sankach, \u015bmiej\u0105c si\u0119 w g\u0142os i wo\u0142aj\u0105c z ca\u0142ej si\u0142y &#8222;go, go!&#8221;, pogania w ten spos\u00f3b rozchichotanego psa. Za t\u0105 band\u0105 p\u0119dzi matka (czyli ja) z rozwianym w\u0142osem i szale\u0144stwem w oku oraz rozmaitymi obrazami przesuwaj\u0105cymi si\u0119 w m\u00f3zgu. Obrazy s\u0105 zbyt drastyczne, \u017ceby je opisywa\u0107.<br \/>\n&nbsp;&nbsp;&nbsp;&nbsp;&nbsp;Mo\u017cna r\u00f3wnie\u017c jecha\u0107 w g\u00f3ry na narty. Nie. Wybaczcie. O nartach nie napisz\u0119. Moje serce mog\u0142oby tego nie wytrzyma\u0107.<br \/>\n&nbsp;&nbsp;&nbsp;&nbsp;&nbsp;Na szcz\u0119\u015bcie moje dziecko nie lubi zimy.<br \/>\n&#8211; Nie lubi\u0119 zimy. &#8211; powtarza odk\u0105d tylko spadnie pierwszy \u015bnieg.<br \/>\nZastanawiacie si\u0119 dlaczego? Mo\u017ce powy\u017cszy opis jest wymys\u0142em mojej wyobra\u017ani, a moje dziecko wcale nie lubi zimowych szale\u0144stw? Zimowe szale\u0144stwa nabieraj\u0105 zupe\u0142nie innego znaczenia w kontek\u015bcie mojego dziecka&#8230; Ot\u00f3\u017c nie. Wszystko co napisa\u0142am to prawda.<br \/>\nMoje dziecko nie lubi zimy, bo&#8230;<br \/>\n&#8211; Nie lubi\u0119 zimy&#8230; &#8211; powtarza Zo\u0142za &#8211; &#8230;bo w zimie nie ma \u015blimak\u00f3w.<br \/>\n<br \/>[smartads]<br \/>\n&nbsp;&nbsp;&nbsp;&nbsp;&nbsp;\u015alimaki. Ukochane zwierz\u0119ta Zo\u0142zy. \u015alimaki s\u0105 znoszone do domu w ilo\u015bciach wystarczaj\u0105cych do wykarmienia tabunu g\u0142odnych Francuz\u00f3w. \u015alimaki s\u0105 wsz\u0119dzie. S\u0105 w ogr\u00f3dku, s\u0105 w domu, s\u0105 mi\u0119dzy zabawkami, w domkach lalek, w \u0142\u00f3\u017ceczkach misiowych (przecie\u017c nie od dzi\u015b wiadomo, \u017ce \u015blimak nie marzy o niczym innym jak o ciep\u0142ej po\u015bcieli). Nawet w naszym \u0142\u00f3\u017cku od czasu do czasu co\u015b mnie zaczyna uwiera\u0107 i niestety nie jest to to, co wi\u0119kszo\u015b\u0107 z Was ma na my\u015bli. To tylko \u015blimaki. Trudno o nie zim\u0105. Juz kilka os\u00f3b proponowa\u0142o mi wynajmowa\u0107 Zo\u0142z\u0119 do oczyszczania ogrod\u00f3w ze \u015blimak\u00f3w, ale obawiam si\u0119, \u017ce wszystkie trafi\u0142yby do naszego.<\/div>\n<p><!--nextpage--><\/p>\n<div align=\"justify\">&#8211; Ja chc\u0119 \u015blimaki. &#8211; powtarza do znudzenia Zo\u0142za.<br \/>\n&#8211; Kotku, \u015blimaki zim\u0105 \u015bpi\u0105. &#8211; staram si\u0119 wyt\u0142umaczy\u0107 dziecku.<br \/>\n&#8211; Jak to \u015bpi\u0105? &#8211; Zo\u0142za nie daje za wygran\u0105 &#8211; Przecie\u017c jest dzie\u0144.<br \/>\n&#8211; No tak, ale \u015blimaki zim\u0105 \u015bpi\u0105 te\u017c w dzie\u0144. One hibernuj\u0105. Jak robi si\u0119 zimno, to \u015blimaczek zamyka si\u0119 w swoim domku i zapada w sen zimowy. Ten sen jest mu potrzebny do tego, \u017ceby nabra\u0107 si\u0142 na ca\u0142y rok. A jak si\u0119 zrobi cieplej, za\u015bwieci s\u0142oneczko, wtedy \u015blimaczek otworzy drzwiczki domku i znowu ruszy na poszukiwanie przyg\u00f3d.<br \/>\n<br \/><center><img loading=\"lazy\" decoding=\"async\" src=\"http:\/\/www.erodzina.eu\/wp-content\/uploads\/2012\/01\/slimak.jpg\" alt=\"\" title=\"slimak\" width=\"400\" height=\"300\" class=\"alignnone size-full wp-image-1522\" srcset=\"http:\/\/www.erodzina.pl\/wp-content\/uploads\/2012\/01\/slimak.jpg 400w, http:\/\/www.erodzina.pl\/wp-content\/uploads\/2012\/01\/slimak-300x225.jpg 300w\" sizes=\"auto, (max-width: 400px) 100vw, 400px\" \/><\/center><br \/>\nZo\u0142za s\u0142ucha zafascynowana, ale po chwili znowu zaczyna swoje jojczenie. Ubieram j\u0105 wi\u0119c i idziemy na spacerek. Po powrocie zostaje jeszcze chwil\u0119 na podw\u00f3rku, a ja id\u0119 przyszykowa\u0107 obiad. Po kilku minutach moje dziecko, czarne jak kominiarz, wpada do domu z wypiekami na twarzy.<br \/>\n&#8211; Mamo! \u015alimak! Wykopa\u0142am go spod \u015bniegu.<br \/>\nChyba nie tylko spod \u015bniegu&#8230; Oceniam obiektywnie, patrz\u0105c na ub\u0142ocone r\u0119ce, buzi\u0119 i odzie\u017c wierzchni\u0105 mojego rozpromienionego brudasa.<br \/>\n&#8211; Zobacz! \u015api. Po\u0142o\u017c\u0119 go do \u0142\u00f3\u017ceczka! To ch\u0142opaczek! (Zo\u0142za \u015blimaki rozr\u00f3\u017cnia po skorupkach: jasne skorupki &#8211; dziewuszki, ciemne &#8211; ch\u0142opaczki&#8230; Dyskusj\u0119 na temat obojnactwa zostawiam na p\u00f3\u017aniej).<br \/>\nT\u0142umacz\u0119 cierpliwie, \u017ce \u015blimak nie mo\u017ce spa\u0107 w \u0142\u00f3\u017ceczku, \u017ce b\u0119dzie mu za ciep\u0142o, \u017ce obudzi si\u0119 i b\u0119dzie nieszcz\u0119\u015bliwy, bo powinien jeszcze pospa\u0107, \u017ce potrzebuje teraz ch\u0142odu i ciemno\u015bci. Zabieram Zo\u0142z\u0119 do \u0142azienki i pr\u00f3buj\u0119 doprowadzi\u0107 j\u0105 do stanu u\u017cywalno\u015bci, co \u0142atwe nie jest.<br \/>\n<br \/>[smartads]<br \/>\n&nbsp;&nbsp;&nbsp;&nbsp;&nbsp;Reszta dnia up\u0142ywa nam zwyczajnie. Rysujemy \u015blimaki. Gramy w \u015blimakowe gry. Lepimy \u015blimaki z plasteliny. Szyjemy \u015blimakom ubranka na wiosn\u0119 (tak, tak, przecie\u017c jak si\u0119 obudz\u0105, mo\u017ce by\u0107 im zimno).<br \/>\n&nbsp;&nbsp;&nbsp;&nbsp;&nbsp;Wieczorem Zo\u0142za co\u015b zg\u0142odnia\u0142a. Zagl\u0105dam do lod\u00f3wki. Hmmm&#8230; Co by jej tu da\u0107? Pasztecik. Kie\u0142baska. Jajeczka. \u015alimak. \u015aLIMAK?!?!<br \/>\n&#8211; Oliwia! Co \u015blimak robi w lod\u00f3wce?<br \/>\n&#8211; Jak to co? Hibernuje. M\u00f3wi\u0142a\u015b, \u017ce musi mie\u0107 ciemno i zimno. &#8211; odpowiada spokojnie Zo\u0142za, nie podnosz\u0105c nawet g\u0142owy znad puzzli&#8230; ze \u015blimakami oczywi\u015bcie&#8230;<\/p>\n<p><i>Anna<\/i><\/div>\n","protected":false},"excerpt":{"rendered":"<p>&nbsp;&nbsp;&nbsp;&nbsp;&nbsp;Dzieci lubi\u0105 zim\u0119. Mo\u017cna ulepi\u0107 ba\u0142wana. Mo\u017cna zbudowa\u0107 twierdz\u0119 ze \u015bniegu i obrzuca\u0107 si\u0119 \u015bnie\u017ckami. Dzieci uwielbiaj\u0105 obrzuca\u0107 si\u0119 \u015bnie\u017ckami. Dot\u0105d my\u015bla\u0142am, \u017ce nie tylko dzieci, ale kiedy mokra, zimna breja wyl\u0105dowa\u0142a mi za ko\u0142nierzem kurtki, stwierdzam stanowczo, \u017ce z niekt\u00f3rych zabaw jednak si\u0119 wyrasta. &nbsp;&nbsp;&nbsp;&nbsp;&nbsp;Fajnie jest te\u017c zim\u0105 i\u015b\u0107 z dzieckiem na lodowisko. Fajnie, &hellip; <\/p>\n<p class=\"link-more\"><a href=\"http:\/\/www.erodzina.pl\/index.php\/2012\/01\/16\/zima\/\" class=\"more-link\">Czytaj dalej<span class=\"screen-reader-text\"> Zima<\/span><\/a><\/p>\n","protected":false},"author":1,"featured_media":0,"comment_status":"open","ping_status":"open","sticky":false,"template":"","format":"standard","meta":{"footnotes":""},"categories":[9,70,14,77,37,40,54],"tags":[310,992,1271,1288],"class_list":["post-448","post","type-post","status-publish","format-standard","hentry","category-dziecko","category-felietony","category-goscie","category-mama-byc","category-przedszkolak","category-rodzina","category-zycie-wokol-nas","tag-dziecko-2","tag-slimak","tag-zima","tag-zwierzatko","entry"],"_links":{"self":[{"href":"http:\/\/www.erodzina.pl\/index.php\/wp-json\/wp\/v2\/posts\/448","targetHints":{"allow":["GET"]}}],"collection":[{"href":"http:\/\/www.erodzina.pl\/index.php\/wp-json\/wp\/v2\/posts"}],"about":[{"href":"http:\/\/www.erodzina.pl\/index.php\/wp-json\/wp\/v2\/types\/post"}],"author":[{"embeddable":true,"href":"http:\/\/www.erodzina.pl\/index.php\/wp-json\/wp\/v2\/users\/1"}],"replies":[{"embeddable":true,"href":"http:\/\/www.erodzina.pl\/index.php\/wp-json\/wp\/v2\/comments?post=448"}],"version-history":[{"count":0,"href":"http:\/\/www.erodzina.pl\/index.php\/wp-json\/wp\/v2\/posts\/448\/revisions"}],"wp:attachment":[{"href":"http:\/\/www.erodzina.pl\/index.php\/wp-json\/wp\/v2\/media?parent=448"}],"wp:term":[{"taxonomy":"category","embeddable":true,"href":"http:\/\/www.erodzina.pl\/index.php\/wp-json\/wp\/v2\/categories?post=448"},{"taxonomy":"post_tag","embeddable":true,"href":"http:\/\/www.erodzina.pl\/index.php\/wp-json\/wp\/v2\/tags?post=448"}],"curies":[{"name":"wp","href":"https:\/\/api.w.org\/{rel}","templated":true}]}}