{"id":4907,"date":"2013-01-31T16:24:45","date_gmt":"2013-01-31T16:24:45","guid":{"rendered":"http:\/\/www.erodzina.eu\/?p=4907"},"modified":"2013-01-31T16:24:45","modified_gmt":"2013-01-31T16:24:45","slug":"szalona-matka-z-zadyszka-na-zycie","status":"publish","type":"post","link":"http:\/\/www.erodzina.pl\/index.php\/2013\/01\/31\/szalona-matka-z-zadyszka-na-zycie\/","title":{"rendered":"Szalona matka z zadyszk\u0105 na \u017cycie"},"content":{"rendered":"<div align=\"justify\"><img loading=\"lazy\" decoding=\"async\" src=\"http:\/\/www.erodzina.eu\/wp-content\/uploads\/2013\/01\/madzia1.jpg\" alt=\"madzia\" title=\"madzia\" width=\"120\" height=\"120\" class=\"alignleft size-full wp-image-4923\" \/>&nbsp;&nbsp;&nbsp;&nbsp;&nbsp;Kiedy\u015b wspomina\u0142am, \u017ce raz na jaki\u015b czas bywa tak, \u017ce \u0142apie mnie niedoczas. Dzia\u0142a z zaskoczenia, bez jakiejkolwiek zapowiedzi i dopada w najmniej odpowiednim momencie. Na pocz\u0105tku by\u0142a \u201eszalona matka studiuj\u0105ca\u201d, p\u00f3\u017aniej \u201estudiuj\u0105co\u2013pracuj\u0105ca\u201d, by zosta\u0107 na etapie \u201epo studiach pierwszego stopnia i bez pracy\u201d, bo dziecko nie ma miejsca w przedszkolu. Oto Polska w\u0142a\u015bnie!<br \/>\n&nbsp;&nbsp;&nbsp;&nbsp;&nbsp;Ten rozdzia\u0142 dawno zamkni\u0119ty, otwarty nast\u0119pny, bardziej ekscytuj\u0105cy. Szalona matka zaczyna kolejne studia i prac\u0119, i oczywi\u015bcie biega (upar\u0142a si\u0119 koza jedna). I szlag trafia wszystko, dos\u0142ownie i w przeno\u015bni. Wszystko pod wzgl\u0119dem organizacyjnym, rzecz jasna. W sumie m\u0105\u017c chodzi w niewyprasowanych koszulach. Gdyby nie ukochana zmywarka, naczynia uciek\u0142by z kuchni, a stos prania tylko dzi\u0119ki pralce udaje si\u0119 spacyfikowa\u0107, co nie znaczy, \u017ce to pranie si\u0119 samo prasuje, tak dobrze to nie ma.<!--more--><br \/>\n&nbsp;&nbsp;&nbsp;&nbsp;&nbsp;Przychodzi taki czas w \u017cyciu szalonej matki, \u017ce nie prosi o nic, poza dobiciem jej. Nie ogarnia, nie pami\u0119ta, nawet kalendarz nie jest w stanie pom\u00f3c zapami\u0119ta\u0107 wszystkiego, co chce i co powinna zrobi\u0107. A chce tak du\u017co\u2026 W ko\u0144cu to kobieta z apetytem na \u017cycie. Szkoda \u017ce w pewnym momencie dopada j\u0105 niestrawno\u015b\u0107 i czkawka.<br \/>\n&nbsp;&nbsp;&nbsp;&nbsp;&nbsp;Szybki rzut okiem na kalendarz i wszystko jasne. Doba to nie guma z majtek, nie da si\u0119 jej rozci\u0105gn\u0105\u0107. S\u0105 priorytety i PRIORYTETY. Stary sprawdzony spos\u00f3b: kartka, d\u0142ugopis i plan dzia\u0142ania, rozpisanie wszystkiego, co chcia\u0142aby robi\u0107, rzeczy, sprawy do za\u0142atwienia. Pierwsza faza przynosi kl\u0119sk\u0119. dziecko, praca, studia, dom\u2026 Nie starcza czasu dla niej. My, kobiety, mamy dziwaczny nawyk stawiania wszystkich i wszystkiego przed nami, przed naszymi pragnieniami.<br \/>\n&nbsp;&nbsp;&nbsp;&nbsp;&nbsp;Szlag! Jeszcze raz. Priorytety\u2026, my\u015bl kobieto, TWOJE PRIORYTETY! Nie twojego m\u0119\u017ca\/partnera, dziecka, szefa, promotora twoje w\u0142asne, prywatne. Kolejna kartka, kolejna tabelka (dziwna nerwica natr\u0119ctw, uwielbiam tabelki!). Wszystko, co chc\u0119, po jednej stronie, wszystko, co musz\u0119, po drugiej, wszystko, co powinnam, z drugiej strony kartki &#8211; jak znajd\u0119 czas, mo\u017ce zrealizuj\u0119.<br \/>\n<center><img loading=\"lazy\" decoding=\"async\" src=\"http:\/\/www.erodzina.eu\/wp-content\/uploads\/2013\/01\/running.jpg\" alt=\"w biegu\" title=\"w biegu\" width=\"425\" height=\"282\" class=\"alignnone size-full wp-image-4925\" \/><\/center><br \/>\n&nbsp;&nbsp;&nbsp;&nbsp;&nbsp;Najwa\u017cniejsza M\u0142oda. Nie oszukujmy si\u0119, jest priorytetem numer jeden. Nawet je\u015bli nie chc\u0119, ma ten sw\u00f3j anielski g\u0142osik wierc\u0105cy dziur\u0119 w m\u00f3zgu, ego, w ca\u0142ym jestestwie: \u201emamusiu\u201d, oczy cudnego kociaka i nawet moja zaci\u0119to\u015b\u0107 wymi\u0119ka.<br \/>\n&nbsp;&nbsp;&nbsp;&nbsp;&nbsp;Priorytet numer dwa: praca. Lubi\u0119 j\u0105 i nie zamierzam z niej rezygnowa\u0107. Mog\u0119 by\u0107 uznana za pracoholiczk\u0119, a co mi tam.<br \/>\n&nbsp;&nbsp;&nbsp;&nbsp;&nbsp;Kolejny: studia. Zacz\u0119\u0142am, sko\u0144cz\u0119, cho\u0107 awersja do bycia magistrem lub &#8211; jak kto woli &#8211; \u201emagazynierem\u201d, coraz wi\u0119ksza. Na szcz\u0119\u015bcie temat pracy, kt\u00f3ry wybra\u0142am, wynagradza coraz wi\u0119cej.<br \/>\n&nbsp;&nbsp;&nbsp;&nbsp;&nbsp;Kolejny priorytet: hobby, czas wolny, jak zwa\u0142, tak zwa\u0142. Chwile tylko dla mnie na reset, wy\u0142\u0105czenie m\u00f3zgownicy i odci\u0119cie od wszystkiego, moje sam na sam. Nie oddam, nie zrezygnuj\u0119, nie odpuszcz\u0119, cho\u0107by si\u0119 wali\u0142o i pali\u0142o musz\u0119 mie\u0107 kawa\u0142ek przestrzeni dla siebie, nawet je\u015bli ta przestrze\u0144 \u015bmierdzi potem i nie nosi szpilek, tych dwunastocentymetrowych.<br \/>\n&nbsp;&nbsp;&nbsp;&nbsp;&nbsp;Nast\u0119pnie dom. Diabli go nie wezm\u0105, je\u015bli prasowanie poczeka, a obiad zjemy na mie\u015bcie. Cho\u0107 wol\u0119 w domu, to nie zamierzam by\u0107 wi\u0119\u017aniem w\u0142asnego M. Wsumiem\u0105\u017c ma dwie r\u0105czki, koszule &#8211; jak chce nosi\u0107 &#8211; mo\u017ce sobie wyprasowa\u0107 sam. Ten wpojony przez mamusi\u0119 feminizm na co\u015b si\u0119 przydaje. Jak ju\u017c we\u017amie si\u0119 za to prasowanie, mo\u017ce wyprasowa\u0107 r\u00f3wnie\u017c rzeczy dziecka i moje, nie? Je\u015bli oczywi\u015bcie b\u0119dzie na naszym kontynencie, co zdarza si\u0119 nad wyraz rzadko.<br \/>\n&nbsp;&nbsp;&nbsp;&nbsp;&nbsp;Do zrealizowania na kiedy\u015b tam: prawo jazdy (cholera!) nadal nie zdane. Trzeba obowi\u0105zkowo odkurzy\u0107. Dentysta i ortodonta. Przymierzam si\u0119 do drut\u00f3w drug\u0105 dekad\u0119. Zwa\u017cywszy na m\u00f3j wiek, delikatnie m\u00f3wi\u0105c, przyd\u0142ugo mi schodzi.<br \/>\n<br \/>[smartads]<br \/>\n&nbsp;&nbsp;&nbsp;&nbsp;&nbsp;Chcia\u0142abym cz\u0119\u015bciej w g\u00f3ry. I na pewno zim\u0105 na narty. M\u0142odej obieca\u0142am pierwszy sezon narciarski. I chcia\u0142am skitury i zawody biegowe jakie\u015b. Zapisa\u0107 terminy na 2013, wybra\u0107 i zakodowa\u0107 w kalendarzu. I tyyyyyyyyle rzeczy bym chcia\u0142a. Jak zwykle nosi mnie, tylko tego czasu &#8211; jak zwykle &#8211; za ma\u0142o i doba jaka\u015b taka przykr\u00f3tka, nie wiedzie\u0107 dlaczego.<br \/>\n&nbsp;&nbsp;&nbsp;&nbsp;&nbsp;Z j\u0119zykiem na brodzie p\u0119dz\u0119 za \u017cyciem, za planami, marzeniami. I mo\u017ce ci\u0119\u017cko nad\u0105\u017cy\u0107 i rozci\u0105gn\u0105\u0107 te 24 godziny, ale ile satysfakcji z rzeczy zrobionych. A \u017ce czasem przysn\u0119 nad tym czy tamtym\u2026? Czy ma to jakie\u015b znaczenie?<\/p>\n<p><i>Magda Korza\u0144ska<\/i><\/div>\n","protected":false},"excerpt":{"rendered":"<p>&nbsp;&nbsp;&nbsp;&nbsp;&nbsp;Kiedy\u015b wspomina\u0142am, \u017ce raz na jaki\u015b czas bywa tak, \u017ce \u0142apie mnie niedoczas. Dzia\u0142a z zaskoczenia, bez jakiejkolwiek zapowiedzi i dopada w najmniej odpowiednim momencie. Na pocz\u0105tku by\u0142a \u201eszalona matka studiuj\u0105ca\u201d, p\u00f3\u017aniej \u201estudiuj\u0105co\u2013pracuj\u0105ca\u201d, by zosta\u0107 na etapie \u201epo studiach pierwszego stopnia i bez pracy\u201d, bo dziecko nie ma miejsca w przedszkolu. Oto Polska w\u0142a\u015bnie! &nbsp;&nbsp;&nbsp;&nbsp;&nbsp;Ten &hellip; <\/p>\n<p class=\"link-more\"><a href=\"http:\/\/www.erodzina.pl\/index.php\/2013\/01\/31\/szalona-matka-z-zadyszka-na-zycie\/\" class=\"more-link\">Czytaj dalej<span class=\"screen-reader-text\"> Szalona matka z zadyszk\u0105 na \u017cycie<\/span><\/a><\/p>\n","protected":false},"author":1,"featured_media":0,"comment_status":"open","ping_status":"open","sticky":false,"template":"","format":"standard","meta":{"footnotes":""},"categories":[4,70,27,54],"tags":[108,539,549,817],"class_list":["post-4907","post","type-post","status-publish","format-standard","hentry","category-autorzy","category-felietony","category-magda-korzanska","category-zycie-wokol-nas","tag-aktywna-mama","tag-mama","tag-matka","tag-pracujaca-mama","entry"],"_links":{"self":[{"href":"http:\/\/www.erodzina.pl\/index.php\/wp-json\/wp\/v2\/posts\/4907","targetHints":{"allow":["GET"]}}],"collection":[{"href":"http:\/\/www.erodzina.pl\/index.php\/wp-json\/wp\/v2\/posts"}],"about":[{"href":"http:\/\/www.erodzina.pl\/index.php\/wp-json\/wp\/v2\/types\/post"}],"author":[{"embeddable":true,"href":"http:\/\/www.erodzina.pl\/index.php\/wp-json\/wp\/v2\/users\/1"}],"replies":[{"embeddable":true,"href":"http:\/\/www.erodzina.pl\/index.php\/wp-json\/wp\/v2\/comments?post=4907"}],"version-history":[{"count":0,"href":"http:\/\/www.erodzina.pl\/index.php\/wp-json\/wp\/v2\/posts\/4907\/revisions"}],"wp:attachment":[{"href":"http:\/\/www.erodzina.pl\/index.php\/wp-json\/wp\/v2\/media?parent=4907"}],"wp:term":[{"taxonomy":"category","embeddable":true,"href":"http:\/\/www.erodzina.pl\/index.php\/wp-json\/wp\/v2\/categories?post=4907"},{"taxonomy":"post_tag","embeddable":true,"href":"http:\/\/www.erodzina.pl\/index.php\/wp-json\/wp\/v2\/tags?post=4907"}],"curies":[{"name":"wp","href":"https:\/\/api.w.org\/{rel}","templated":true}]}}