{"id":5030,"date":"2013-02-11T07:56:30","date_gmt":"2013-02-11T07:56:30","guid":{"rendered":"http:\/\/www.erodzina.eu\/?p=5030"},"modified":"2013-02-11T07:56:30","modified_gmt":"2013-02-11T07:56:30","slug":"drugi-tydzien-ciazy","status":"publish","type":"post","link":"http:\/\/www.erodzina.pl\/index.php\/2013\/02\/11\/drugi-tydzien-ciazy\/","title":{"rendered":"2 tydzie\u0144 ci\u0105\u017cy"},"content":{"rendered":"<div align=\"justify\"><img loading=\"lazy\" decoding=\"async\" src=\"http:\/\/www.erodzina.eu\/wp-content\/uploads\/2013\/02\/starania.jpg\" alt=\"starania\" title=\"starania\" width=\"180\" height=\"180\" class=\"alignleft size-full wp-image-5034\" \/>&nbsp;&nbsp;&nbsp;&nbsp;&nbsp;W pierwszej ods\u0142onie kalendarza ci\u0105\u017cy m\u00f3wili\u015bmy o tym, \u017ce <a href=\"http:\/\/www.erodzina.eu\/pierwszy-tydzien-ciazy\/\" title=\"pierwszy tydzie\u0144 ci\u0105\u017cy\" target=\"_blank\" rel=\"noopener\">pierwszy tydzie\u0144 ci\u0105\u017cy<\/a> nie jest tak naprawd\u0119 pocz\u0105tkiem ci\u0105\u017cy. Drugi tydzie\u0144 ci\u0105\u017cy r\u00f3wnie\u017c nie jest jeszcze de facto ci\u0105\u017c\u0105.<br \/>\n&nbsp;&nbsp;&nbsp;&nbsp;&nbsp;Zak\u0142adaj\u0105c 28-dniowe cykle, oko\u0142o 14 dnia cyklu nast\u0119puje uwolnienie dojrza\u0142ej kom\u00f3rki jajowej. Zanim to nast\u0105pi, dojrzewaj\u0105 p\u0119cherzyki Graffa, kt\u00f3re w\u0142a\u015bnie uwalniaj\u0105 p\u00f3\u017aniej kom\u00f3rk\u0119. Endometrium, czyli b\u0142ona \u015bluzowa macicy, rozrastaj\u0105c si\u0119, przygotowuje si\u0119 do ewentualnej ci\u0105\u017cy i przyj\u0119cia zap\u0142odnionej kom\u00f3rki. W organizmie w tym czasie wzrasta poziom estrogenu. Zmienia si\u0119 \u015bluz szyjki macicy, staje si\u0119 rzadszy i rozci\u0105gliwy, dzi\u0119ki czemu plemniki maj\u0105 u\u0142atwione zadanie. Poprawia si\u0119 samopoczucie kobiety. Wzrasta jej atrakcyjno\u015b\u0107 fizyczna i ro\u015bnie ochota na seks.<!--more--><br \/>\n&nbsp;&nbsp;&nbsp;&nbsp;&nbsp;Najwi\u0119ksze prawdopodobie\u0144stwo zaj\u015bcia w ci\u0105\u017c\u0119 wyst\u0119puje pomi\u0119dzy trzecim dniem przed owulacj\u0105 a dniem po niej. Czyli jest to 5 dni w ci\u0105gu jednego cyklu. Mo\u017cna okre\u015bli\u0107 moment nadej\u015bcia tych dni za pomoc\u0105 test\u00f3w owulacyjnych dost\u0119pnych w aptekach, z u\u017cyciem komputer\u00f3w owulacyjnych a tak\u017ce metodami naturalnymi, dzi\u0119ki <a href=\"http:\/\/www.erodzina.eu\/naturalne-planowanie-rodziny-npr\/\" title=\"obserwacja \u015bluzu i temperatury\" target=\"_blank\" rel=\"noopener\">obserwacji \u015bluzu i temperatury<\/a>.<br \/>\n&nbsp;&nbsp;&nbsp;&nbsp;&nbsp;S\u0105 tacy, kt\u00f3rzy wierz\u0105, \u017ce zaplanowa\u0107 mo\u017cna nie tylko ci\u0105\u017c\u0119, ale i p\u0142e\u0107 dziecka. Uprawiaj\u0105c seks w dniu owulacji, para zwi\u0119ksza szans\u0119 na pocz\u0119cie ch\u0142opca, im termin dalszy od owulacji, tym wi\u0119ksze s\u0105 szanse na dziewczynk\u0119.<br \/>\n<br \/>[smartads]<br \/>\n&nbsp;&nbsp;&nbsp;&nbsp;&nbsp;Planowanie ci\u0105\u017cy zako\u0144cz wizyt\u0105 u lekarza, by upewni\u0107 si\u0119, \u017ce wszystkiego dopilnowa\u0142a\u015b. Ju\u017c wkr\u00f3tce b\u0119dziesz mog\u0142a przemierza\u0107 kalendarz ci\u0105\u017cy, tydzie\u0144 po tygodniu obserwuj\u0105c zmiany zachodz\u0105ce w twoim brzuchu.<\/p>\n<p><i>\/eR<\/i><\/div>\n","protected":false},"excerpt":{"rendered":"<p>&nbsp;&nbsp;&nbsp;&nbsp;&nbsp;W pierwszej ods\u0142onie kalendarza ci\u0105\u017cy m\u00f3wili\u015bmy o tym, \u017ce pierwszy tydzie\u0144 ci\u0105\u017cy nie jest tak naprawd\u0119 pocz\u0105tkiem ci\u0105\u017cy. Drugi tydzie\u0144 ci\u0105\u017cy r\u00f3wnie\u017c nie jest jeszcze de facto ci\u0105\u017c\u0105. &nbsp;&nbsp;&nbsp;&nbsp;&nbsp;Zak\u0142adaj\u0105c 28-dniowe cykle, oko\u0142o 14 dnia cyklu nast\u0119puje uwolnienie dojrza\u0142ej kom\u00f3rki jajowej. Zanim to nast\u0105pi, dojrzewaj\u0105 p\u0119cherzyki Graffa, kt\u00f3re w\u0142a\u015bnie uwalniaj\u0105 p\u00f3\u017aniej kom\u00f3rk\u0119. Endometrium, czyli b\u0142ona \u015bluzowa &hellip; <\/p>\n<p class=\"link-more\"><a href=\"http:\/\/www.erodzina.pl\/index.php\/2013\/02\/11\/drugi-tydzien-ciazy\/\" class=\"more-link\">Czytaj dalej<span class=\"screen-reader-text\"> 2 tydzie\u0144 ci\u0105\u017cy<\/span><\/a><\/p>\n","protected":false},"author":1,"featured_media":0,"comment_status":"open","ping_status":"open","sticky":false,"template":"","format":"standard","meta":{"footnotes":""},"categories":[5,18,39],"tags":[95,211,216,304,443],"class_list":["post-5030","post","type-post","status-publish","format-standard","hentry","category-ciaza","category-kalendarz-ciazy","category-redakcja-autorzy","tag-2-tydzien-ciazy","tag-ciaza-2","tag-ciaza-tydzien-po-tygodniu","tag-drugi-tydzien-ciazy","tag-kalendarz-ciazy-2","entry"],"_links":{"self":[{"href":"http:\/\/www.erodzina.pl\/index.php\/wp-json\/wp\/v2\/posts\/5030","targetHints":{"allow":["GET"]}}],"collection":[{"href":"http:\/\/www.erodzina.pl\/index.php\/wp-json\/wp\/v2\/posts"}],"about":[{"href":"http:\/\/www.erodzina.pl\/index.php\/wp-json\/wp\/v2\/types\/post"}],"author":[{"embeddable":true,"href":"http:\/\/www.erodzina.pl\/index.php\/wp-json\/wp\/v2\/users\/1"}],"replies":[{"embeddable":true,"href":"http:\/\/www.erodzina.pl\/index.php\/wp-json\/wp\/v2\/comments?post=5030"}],"version-history":[{"count":0,"href":"http:\/\/www.erodzina.pl\/index.php\/wp-json\/wp\/v2\/posts\/5030\/revisions"}],"wp:attachment":[{"href":"http:\/\/www.erodzina.pl\/index.php\/wp-json\/wp\/v2\/media?parent=5030"}],"wp:term":[{"taxonomy":"category","embeddable":true,"href":"http:\/\/www.erodzina.pl\/index.php\/wp-json\/wp\/v2\/categories?post=5030"},{"taxonomy":"post_tag","embeddable":true,"href":"http:\/\/www.erodzina.pl\/index.php\/wp-json\/wp\/v2\/tags?post=5030"}],"curies":[{"name":"wp","href":"https:\/\/api.w.org\/{rel}","templated":true}]}}