{"id":5118,"date":"2013-02-26T11:29:20","date_gmt":"2013-02-26T11:29:20","guid":{"rendered":"http:\/\/www.erodzina.eu\/?p=5118"},"modified":"2013-02-26T11:29:20","modified_gmt":"2013-02-26T11:29:20","slug":"wiara-vs-kosciol","status":"publish","type":"post","link":"http:\/\/www.erodzina.pl\/index.php\/2013\/02\/26\/wiara-vs-kosciol\/","title":{"rendered":"Wiara vs Ko\u015bci\u00f3\u0142"},"content":{"rendered":"<div align=\"justify\"><img loading=\"lazy\" decoding=\"async\" src=\"http:\/\/www.erodzina.eu\/wp-content\/uploads\/2013\/02\/kosciol.jpg\" alt=\"ko\u015bci\u00f3\u0142\" title=\"kosciol\" width=\"180\" height=\"180\" class=\"alignleft size-full wp-image-5122\" \/>&nbsp;&nbsp;&nbsp;&nbsp;&nbsp;Czy da si\u0119 oddzieli\u0107 wiar\u0119 od Ko\u015bcio\u0142a? Podobno wszystko si\u0119 da. Na pocz\u0105tek spr\u00f3buj\u0119 upro\u015bci\u0107 osobiste rozwa\u017canie tego \u2013 powiem szczerze &#8211; baaaardzo trudnego tematu, stawiaj\u0105c pytanie nast\u0119puj\u0105cej tre\u015bci: <i>\u201eWiar\u0119 mo\u017cna oddzieli\u0107 od Ko\u015bcio\u0142a, czy wiar\u0119 trzeba oddziela\u0107?\u201d<\/i> Odpowiem tak: Skoro mo\u017cna \u2013 to mo\u017cna. A czy trzeba? Nie ma ku temu powodu. Powszechnie panuje tendencja do oddzielania tych dw\u00f3ch kwestii. Wiara &#8211; TAK, Ko\u015bci\u00f3\u0142 &#8211; NIE.<br \/>\n&nbsp;&nbsp;&nbsp;&nbsp;&nbsp;My\u015bl\u0119, \u017ce nie ma potrzeby nakre\u015bla\u0107 og\u00f3lnej sytuacji Ko\u015bcio\u0142a, bowiem wiadomo, \u017ce ta instytucja jest \u201ena cenzurowanym\u201d. Dlaczego? I tu zaczynaj\u0105 si\u0119 schody. Jednym z podstawowych powod\u00f3w tego stanu rzeczy jest rosn\u0105ce wsp\u00f3\u0142cze\u015bnie przekonanie, \u017ce wiara jest prywatn\u0105 spraw\u0105 cz\u0142owieka.<!--more--> Wiele os\u00f3b prze\u017cywa wiar\u0119 w Boga w skrajnie indywidualistycznej formie, wygodnej dla siebie. Panuj\u0105ca obecnie dychotomia mi\u0119dzy deklarowan\u0105 wiar\u0105 a faktycznym jej \u015bwiadectwem, ka\u017ce coraz mocniej wierzy\u0107 i utwierdza w przekonaniu, \u017ce da si\u0119 \u017cy\u0107 z dala od Ko\u015bcio\u0142a. Nie mam tu na my\u015bli drogi poszukiwania i odkrywania Boga w historii swego \u017cycia. Ka\u017cdy ma prawo poszukiwa\u0107, zadawa\u0107 trudne, egzystencjalne pytania, nawet b\u0142\u0105dzi\u0107.<br \/>\n&nbsp;&nbsp;&nbsp;&nbsp;&nbsp;Ja te\u017c walczy\u0142am z Bogiem. Oficjalnie, g\u0142o\u015bno i po cichu. Przez 1,5 roku nie chodzi\u0142am do Ko\u015bcio\u0142a, ale nie przeszkadza\u0142o mi to w osobistej rozmowie z Bogiem. Cz\u0119sto owa modlitwa to tylko i wy\u0142\u0105cznie wyrzuty, oskar\u017cenia. Stawia\u0142am warunki, \u017c\u0105da\u0142am dowod\u00f3w Jego obecno\u015bci, konkretnych znak\u00f3w, wype\u0142nienia moich plan\u00f3w, realizowania moich pomys\u0142\u00f3w na \u017cycie. Ja musia\u0142am zawalczy\u0107 o siebie, bo wychowywa\u0142am si\u0119 bez rodzic\u00f3w (adoptowali mnie dziadkowie). Atmosfera, w jakiej przysz\u0142o mi wzrasta\u0107 by\u0142a religijna, ale bez przesady. Msza \u015bwi\u0119ta w niedziele i \u015bwi\u0119ta. Czar\u0119 goryczy przela\u0142a wiadomo\u015b\u0107, \u017ce mia\u0142am siostr\u0119 bli\u017aniaczk\u0119, kt\u00f3ra zmar\u0142a w wieku 3 miesi\u0119cy. Jako kilkunastoletnia dziewczyna dosz\u0142am do wniosku, \u017ce nawet je\u015bli B\u00f3g jest, to i tak Mu nie zale\u017cy na dobru cz\u0142owieka, a konkretnie na moim. Wierz\u0105c\u0105 mo\u017ce by\u0107 staruszka lataj\u0105ca codziennie do ko\u015bcio\u0142a i klepi\u0105ca zdrowa\u015bki, oczywi\u015bcie ksi\u0105dz, zakonnik, zw\u0142aszcza ten zamkni\u0119ty za klauzur\u0105, tylko nie ja.<br \/>\n&nbsp;&nbsp;&nbsp;&nbsp;&nbsp;Ucz\u0119szcza\u0142am na katechez\u0119 tylko po to, by prowokowa\u0107 ksi\u0119dza trudnymi pytaniami lub docinkami, cz\u0119sto wulgarnymi. Tak, tak, to ja\u2026 Chyba mnie lubi\u0142, bo nawet powa\u017cnie podchodzi\u0142 do moich durnych pyta\u0144, twierdze\u0144. Z czasem da\u0142am si\u0119 oswoi\u0107 na tyle, by nadmieni\u0107 o problemach rodzinnych, osobistych, nawet chcia\u0142am si\u0119 u niego wyspowiada\u0107, a przyznam, \u017ce mia\u0142am nie tylko grzeszki, ale ci\u0119\u017ckie grzechy. Nadesz\u0142y wakacje, ksi\u0119dza zabrali. Nowy ksi\u0105dz to kpina, drwina, chamstwo, dziadostwo. Nast\u0119pny podobnie. Kolejnego ju\u017c mija\u0142am z daleka. Kole\u017canki z s\u0105siedztwa chcia\u0142y mi pom\u00f3c wyrwa\u0107 si\u0119 z towarzystwa, w jakim si\u0119 obraca\u0142am, reklamowa\u0142y spotkania KSM-u przy parafii, w kt\u00f3rych uczestniczy\u0142y. Posz\u0142am raz i drugi. Mimo tempa \u017cycia, imprez, wagar\u00f3w, czu\u0142am si\u0119 wewn\u0119trznie zagubiona, pusta, samotna. Czasem modli\u0142am si\u0119 do Maryi. To by\u0142a najpi\u0119kniejsza i najtrudniejsza modlitwa. P\u0142aka\u0142am. Kocha\u0142am Maryj\u0119 ca\u0142ym swoim rozko\u0142atanym, zdziadowanym serduchem. Czu\u0142am wyrzut, ale i co\u015b w rodzaju b\u0142ogiego pokoju. To \u201eco\u015b\u201d m\u00f3wi\u0142o, \u017ce B\u00f3g mnie kocha, zale\u017cy Mu na mnie, pomaga wyj\u015b\u0107 z opresji, w kt\u00f3re na w\u0142asne \u017cyczenie si\u0119 wpakowa\u0142am. Nie szuka\u0142am pociechy w Ko\u015bciele, nie szuka\u0142am ksi\u0119dza, by pogada\u0107. \u017by\u0142am swoim \u017cyciem.<br \/>\n&nbsp;&nbsp;&nbsp;&nbsp;&nbsp;Dopiero b\u0119d\u0105c w liceum w wi\u0119kszym mie\u015bcie, zdecydowa\u0142am si\u0119 na spowied\u017a w trakcie trwania rekolekcji wielkopostnych. Czeka\u0142am w kolejce blisko 2 godziny, podesz\u0142am do konfesjona\u0142u, a tam ksi\u0105dz z mojej parafii. Szok, nerwy. Odesz\u0142am, na kolejny rok. \u017by\u0142am swoim \u017cyciem, ale nie mia\u0142am si\u0142 walczy\u0107, szamota\u0107 si\u0119. S\u0142owa, jakie us\u0142ysza\u0142am na kazaniu w Wielkanoc: <i>Wierzysz w Boga? Jasne, \u017ce tak. On gdzie\u015b tam jest, siedzi na chmurce i przygl\u0105da si\u0119 z g\u00f3ry nam wszystkim. Niczego to nie zmienia. On tylko jest. Teraz trudniejsze pytanie: Wierzysz Bogu? Wierzysz w Jego mi\u0142o\u015b\u0107? \u017be On ma moc zmieni\u0107 z\u0142o w \u017cyciu, je\u015bli tego chcesz i pozwolisz?<\/i> Skorzysta\u0142am z sakramentu spowiedzi, modli\u0142am si\u0119 o to, by przebaczy\u0107 sobie. Wysz\u0142am na prost\u0105. Sta\u0142o si\u0119 to w Ko\u015bciele.<br \/>\n&nbsp;&nbsp;&nbsp;&nbsp;&nbsp;Dzisiaj te\u017c mam wiele pyta\u0144, mo\u017ce nawet bardzo niewygodnych, co do wizerunku ludzi pomocnych nam na drodze do zbawienia. Gdzie jest ich Prawda, Uczciwo\u015b\u0107, Po\u015bwi\u0119cenie, Odwaga, Troska o dobro?! Wsp\u00f3\u0142pracowa\u0142am z r\u00f3\u017cnymi kap\u0142anami, katechizuj\u0105c w szkole, organizuj\u0105c spotkania modlitewne, rekolekcje dla dziewcz\u0105t i mog\u0119 powiedzie\u0107 z ca\u0142\u0105 \u015bwiadomo\u015bci\u0105, \u017ce Ko\u015bci\u00f3\u0142 potrzebuje odnowy.<br \/>\n<br \/>[smartads]<br \/>\n&nbsp;&nbsp;&nbsp;&nbsp;&nbsp;Gdzie nale\u017cy szuka\u0107 przyczyn? Sadz\u0119, \u017ce bardziej zaznacza si\u0119 kryzys wsp\u00f3\u0142czesnej kultury, gospodarki, cz\u0142owiecze\u0144stwa w wymiarze indywidualnym i spo\u0142ecznym. Ten kryzys dotyka i kap\u0142an\u00f3w. Od pocz\u0105tku istnienia przeplataj\u0105 si\u0119 tajemnice \u015bwi\u0119to\u015bci i grzechu. I kap\u0142ani te\u017c (i ka\u017cdy z nas) nosz\u0105 w sobie pierwiastek \u015bwi\u0119to\u015bci i znami\u0119 grzechu, s\u0105 te\u017c uczestnikami wsp\u00f3\u0142czesnej kultury. Borykaj\u0105 si\u0119 ze swoimi trudno\u015bciami, s\u0142abo\u015bci\u0105, cielesno\u015bci\u0105, nierzadko z na\u0142ogami. Je\u015bli znajd\u0105 wyci\u0105gni\u0119t\u0105 ku sobie pomocn\u0105 d\u0142o\u0144 i uchwyc\u0105 si\u0119, jest szansa \u017ce si\u0119 wyprostuj\u0105. Nieraz nie s\u0105 w stanie ju\u017c zawalczy\u0107 o siebie.<br \/>\n&nbsp;&nbsp;&nbsp;&nbsp;&nbsp;Mam kilku znajomych, kt\u00f3rzy \u017cebrz\u0105 o pomoc. Nieocenion\u0105 form\u0105 pomocy jest to, \u017ce po\u015bwi\u0119c\u0119 mu godzin\u0119, dwie, wys\u0142ucham, pomodlimy si\u0119 razem, obejrzymy komedi\u0119. Skrajny przypadek to kap\u0142an potrzebuj\u0105cy blisko\u015bci, obecno\u015bci kobiety. Wie, \u017ce ma inne mo\u017cliwo\u015bci, ale dzwoni do mnie. Rozmawiamy, je\u015bli mam mo\u017cliwo\u015b\u0107, spotykamy si\u0119 (2 \u2013 3 razy w roku) i trwamy w u\u015bcisku. Ryzykowne posuni\u0119cie, nieprawda\u017c? Bo\u017ce, tysi\u0105ce my\u015bli w takim momencie\u2026<\/div>\n<p><!--nextpage--><\/p>\n<div align=\"justify\">&nbsp;&nbsp;&nbsp;&nbsp;&nbsp;Oni potrzebuj\u0105 przede wszystkim modlitwy. B\u00f3g nie pomaga nam poza nami, ale z nami. B\u00f3g nie pomo\u017ce mi poza mn\u0105, ale we wsp\u00f3\u0142pracy ze mn\u0105. To, \u017ce nie widz\u0119 warto\u015bciowych kap\u0142an\u00f3w powinno sk\u0142oni\u0107 do refleksji. Przecie\u017c nie wszyscy tacy s\u0105! Jak ju\u017c wcze\u015bniej powiedzia\u0142am, to nie kap\u0142an jest istot\u0105, sednem mojej wiary. Owszem, on powinien mnie prowadzi\u0107 do Boga, lecz gdy jest inaczej, niech niechlubne \u015bwiadectwo \u017cycia b\u0105d\u017a pos\u0142ugi jednego czy dw\u00f3ch kap\u0142an\u00f3w nie pozwoli mi na odwr\u00f3cenie si\u0119 od Ko\u015bcio\u0142a. Czy negatywny przyk\u0142ad ze strony jakiego\u015b lekarza powoduje, \u017ce tracimy wiar\u0119 w jego zaw\u00f3d, przestajemy korzysta\u0107 z dobrodziejstw medycyny?<br \/>\n&nbsp;&nbsp;&nbsp;&nbsp;&nbsp;Ludzie m\u0142odzi odrzucaj\u0105 Ko\u015bci\u00f3\u0142 ze wzgl\u0119du na wymagania, jakie im stawia, zw\u0142aszcza w kwestii moralno\u015bci. M\u00f3wi\u0105, \u017ce jest nienowoczesny, zacofany, nie\u017cyciowy. Uto\u017csamiaj\u0105 go wy\u0142\u0105cznie z ksi\u0119\u017cmi, skandalami obyczajowymi, g\u0142o\u015bnymi odej\u015bciami z kap\u0142a\u0144stwa, z przepychem, wywy\u017cszaniem si\u0119, z Radiem Maryja. Naturalnie jest w Ko\u015bciele wiele grzechu, hipokryzji, z\u0142a. A to dlatego, \u017ce Ko\u015bci\u00f3\u0142 tworz\u0105 ludzie \u2013 Ty i ja. Jacy my jeste\u015bmy, taki jest i Ko\u015bci\u00f3\u0142. Jaka jest m\u0142odzie\u017c, rodzice, rodziny, tacy s\u0105 kap\u0142ani, bo oni s\u0105 wzi\u0119ci z ludu. Kap\u0142ani s\u0105 dzie\u0107mi dzisiejszego czasu. Je\u015bli w nas jest grzech, to b\u0119dzie on tak\u017ce w Ko\u015bciele. Ale Ko\u015bci\u00f3\u0142, opr\u00f3cz wymiaru ludzkiego, ma wymiar boski \u2013 jest \u015bwi\u0119ty \u015bwi\u0119to\u015bci\u0105 Pana Boga. I s\u0105 pi\u0119kne przyk\u0142ady ludzi, kt\u00f3rych wiara by\u0142a mocna, prosta i nieustannie pog\u0142\u0119biana. S\u0105 to \u015bwi\u0119ci.<br \/>\n<center><img loading=\"lazy\" decoding=\"async\" src=\"http:\/\/www.erodzina.eu\/wp-content\/uploads\/2013\/02\/wiara.jpg\" alt=\"wiara\" title=\"wiara\" width=\"580\" height=\"435\" class=\"alignnone size-full wp-image-5124\" \/><\/center><br \/>\n&nbsp;&nbsp;&nbsp;&nbsp;&nbsp;Dzisiaj wielu z nas brakuje przyj\u0119cia faktu istnienia z\u0142a, kt\u00f3re jest w cz\u0142owieku. Nie potrafimy tego zaakceptowa\u0107, wi\u0119c zag\u0142uszamy swoje sumienie, a win\u0119 przerzucamy na innych. Brakuje dzisiejszemu cz\u0142owiekowi, zw\u0142aszcza m\u0142odemu, zdrowej refleksji. Refleksji zar\u00f3wno tej na swoim \u201epodw\u00f3rku\u201d, czyli dokonywanych wybor\u00f3w, podejmowanych decyzji i ich skutk\u00f3w, jak r\u00f3wnie\u017c tej szeroko pojmowanej refleksji nad sensem \u017cycia, jego celem, prze\u017cywaniem satysfakcji i fascynacji \u017cyciem. Taka postawa umo\u017cliwia autentyczn\u0105 rado\u015b\u0107 pomimo dotykaj\u0105cych przecie\u017c ka\u017cdego z nas problem\u00f3w, do\u015bwiadcze\u0144.<br \/>\n&nbsp;&nbsp;&nbsp;&nbsp;&nbsp;Chc\u0105c za\u0142atwi\u0107 r\u00f3\u017cne sprawy w kancelarii parafialnej, <u>nale\u017cy\u2026<\/u> mo\u017ce powinnam u\u017cy\u0107 innego s\u0142owa, <u>mo\u017cna<\/u> zap\u0142aci\u0107 okre\u015blon\u0105 lub dowoln\u0105 kwot\u0119. Pieni\u0105dze stanowi\u0105 zatem punkt zapalny w relacji nie tyle wierny \u2013 Ko\u015bci\u00f3\u0142, co wierny \u2013 kap\u0142an. Przyznaj\u0119, \u017ce rynek pracy w naszym kraju jest mocno ograniczony, m\u0142odzi maj\u0105 problemy ze znalezieniem zatrudnienia. Nawet je\u015bli uda si\u0119 znale\u017a\u0107 prac\u0119, pojawia si\u0119 problem godziwej zap\u0142aty, wyzyskiwania pracownika. Efektem takiego stanu rzeczy jest brak ch\u0119ci m\u0142odych do pracy. I tu ko\u0142o si\u0119 zamyka. A ksi\u0105dz kas\u0119 ma, extra samoch\u00f3d r\u00f3wnie\u017c, zagraniczne wyjazdy, markowe ubrania. A przeci\u0119tny Kowalski ledwie wi\u0105\u017ce koniec z ko\u0144cem. Tego typu sytuacje niestety maj\u0105 miejsce.<br \/>\n&nbsp;&nbsp;&nbsp;&nbsp;&nbsp;I tak m\u00f3j brat zrazi\u0142 si\u0119 materialistycznym stylem \u017cycia ksi\u0119dza proboszcza i rzadko idzie na msz\u0119 \u015bwi\u0119t\u0105, czasem jedzie do innego ko\u015bcio\u0142a. Przez ten fakt zmieni\u0142o si\u0119 jego podej\u015bcie do \u017cycia. Przyjmuje istnienie Pana Boga i nawet chyba wierzy, \u017ce On kieruje losami \u015bwiata i ka\u017cdego cz\u0142owieka, ale g\u0142\u00f3wnie skupia si\u0119 na postawie ksi\u0119\u017cy. Patrzy bardzo krytycznie, w pewnym sensie rozlicza ksi\u0119\u017cy z wypowiadanych s\u0142\u00f3w na ambonie, kaza\u0144 o chrze\u015bcija\u0144skiej mi\u0142o\u015bci i mi\u0142osierdziu, przebaczeniu, \u017cyciu wed\u0142ug bo\u017cych przykaza\u0144, trosce o biednych i pomocy ubogim, etc. M\u00f3wi: <i>\u201eCz\u0142owiek si\u0119 naharuje, nie do\u015bpi, nie doje, siedzi dzie\u0144 i noc, zdrowie nadwer\u0119\u017cy, ludziom si\u0119 narazi\u2026 i co ma z tego?\u201d<\/i> Nic?! Frustracj\u0119?! A mo\u017ce satysfakcj\u0119?! Ja zostawiam to bez odpowiedzi.<br \/>\n&nbsp;&nbsp;&nbsp;&nbsp;&nbsp;Chc\u0119 mocno podkre\u015bli\u0107, \u017ce ka\u017cdy odpowie za swoje czyny. B\u00f3g nie kocha nas \u201ehurtem\u201d. Dla Niego wa\u017cny jest ka\u017cdy z osobna, ka\u017cdy ma swoj\u0105 histori\u0119 i swoj\u0105 drog\u0119 do Boga. Ko\u015bci\u00f3\u0142 jednak jest przede wszystkim miejscem zbawienia i o tym nigdy nie mo\u017cemy zapomina\u0107. B\u00f3g pragnie nas zbawi\u0107 i po to za\u0142o\u017cy\u0142 Ko\u015bci\u00f3\u0142. Najwi\u0119kszy sprzeciw budzi prawda, \u017ce \u201cpoza Ko\u015bcio\u0142em nie ma zbawienia\u201d, g\u0142oszona ju\u017c przez staro\u017cytnych Ojc\u00f3w Ko\u015bcio\u0142a. Formalna przynale\u017cno\u015b\u0107 do Ko\u015bcio\u0142a nie jest \u017cadn\u0105 gwarancj\u0105 zbawienia, gdy\u017c cz\u0142owieka zbawia tylko sam B\u00f3g. Wsz\u0119dzie natomiast tam, gdzie realizuje si\u0119 zbawienie, tam w\u0142a\u015bnie obecny jest Ko\u015bci\u00f3\u0142, niezale\u017cnie od jego formalnych granic. Ka\u017cdy wi\u0119c ma t\u0119 szans\u0119, dlatego, \u017ce Ko\u015bci\u00f3\u0142 istnieje.<br \/>\n<br \/>[smartads]<br \/>\nI tak na koniec\u2026<br \/>\n&nbsp;&nbsp;&nbsp;&nbsp;&nbsp;Wydaje mi si\u0119, \u017ce gdyby m\u0142odzi ludzie chcieli otworzy\u0107 si\u0119 na S\u0142owo Bo\u017ce odczytywane w czasie niedzielnej liturgii, gdyby sami zajrzeli do Biblii, zastanowili si\u0119 nad tym, co B\u00f3g m\u00f3wi do nich i jak mog\u0105 na to odpowiedzie\u0107, by\u0142oby to dla nich bardzo przemieniaj\u0105ce do\u015bwiadczenie. A widz\u0119, jak \u0142atwo rezygnuj\u0105 z uczestnictwa we mszy \u015bwi\u0119tej, przyst\u0105pienia do spowiedzi czy nawet odchodz\u0105 od Ko\u015bcio\u0142a, dlatego \u017ce nie podoba si\u0119 ksi\u0105dz w parafii, to jak si\u0119 zachowuje, jakim je\u017adzi samochodem, jakie g\u0142osi kazania. Mo\u017cna zauwa\u017cy\u0107, \u017ce do Ko\u015bcio\u0142a chodzi niewielki procent ludzi m\u0142odych. Gimnazjali\u015bci maj\u0105 swoje specjalne indeksy praktyk religijnych przed bierzmowaniem, dlatego ich wida\u0107 cz\u0119\u015bciej w Ko\u015bciele. Potem wielu z nich ju\u017c si\u0119 nie pojawia.<br \/>\n&nbsp;&nbsp;&nbsp;&nbsp;&nbsp;A B\u00f3g jest obecny nie gdzie indziej, jak w KO\u015aCIELE, dzia\u0142a poprzez Sakramenty. Po to bowiem ustanowi\u0142 instytucj\u0119, jak\u0105 jest Ko\u015bci\u00f3\u0142. Nie ma wi\u0119c innej drogi do Boga i z Bogiem jak w Ko\u015bciele.<br \/>\n&nbsp;&nbsp;&nbsp;&nbsp;&nbsp;\u017bycz\u0119 Wam wszystkim i sobie, by nikt i nic nie by\u0142o w stanie zniszczy\u0107 obrazu Bo\u017cego pi\u0119kna, pod warunkiem, \u017ce sami tego w sobie nie zabijemy.<\/p>\n<p><i>Siostra Agnieszka<\/i><\/div>\n","protected":false},"excerpt":{"rendered":"<p>&nbsp;&nbsp;&nbsp;&nbsp;&nbsp;Czy da si\u0119 oddzieli\u0107 wiar\u0119 od Ko\u015bcio\u0142a? Podobno wszystko si\u0119 da. Na pocz\u0105tek spr\u00f3buj\u0119 upro\u015bci\u0107 osobiste rozwa\u017canie tego \u2013 powiem szczerze &#8211; baaaardzo trudnego tematu, stawiaj\u0105c pytanie nast\u0119puj\u0105cej tre\u015bci: \u201eWiar\u0119 mo\u017cna oddzieli\u0107 od Ko\u015bcio\u0142a, czy wiar\u0119 trzeba oddziela\u0107?\u201d Odpowiem tak: Skoro mo\u017cna \u2013 to mo\u017cna. A czy trzeba? Nie ma ku temu powodu. Powszechnie panuje &hellip; <\/p>\n<p class=\"link-more\"><a href=\"http:\/\/www.erodzina.pl\/index.php\/2013\/02\/26\/wiara-vs-kosciol\/\" class=\"more-link\">Czytaj dalej<span class=\"screen-reader-text\"> Wiara vs Ko\u015bci\u00f3\u0142<\/span><\/a><\/p>\n","protected":false},"author":1,"featured_media":0,"comment_status":"open","ping_status":"open","sticky":false,"template":"","format":"standard","meta":{"footnotes":""},"categories":[70,14,54],"tags":[488,1136],"class_list":["post-5118","post","type-post","status-publish","format-standard","hentry","category-felietony","category-goscie","category-zycie-wokol-nas","tag-kosciol","tag-wiara","entry"],"_links":{"self":[{"href":"http:\/\/www.erodzina.pl\/index.php\/wp-json\/wp\/v2\/posts\/5118","targetHints":{"allow":["GET"]}}],"collection":[{"href":"http:\/\/www.erodzina.pl\/index.php\/wp-json\/wp\/v2\/posts"}],"about":[{"href":"http:\/\/www.erodzina.pl\/index.php\/wp-json\/wp\/v2\/types\/post"}],"author":[{"embeddable":true,"href":"http:\/\/www.erodzina.pl\/index.php\/wp-json\/wp\/v2\/users\/1"}],"replies":[{"embeddable":true,"href":"http:\/\/www.erodzina.pl\/index.php\/wp-json\/wp\/v2\/comments?post=5118"}],"version-history":[{"count":0,"href":"http:\/\/www.erodzina.pl\/index.php\/wp-json\/wp\/v2\/posts\/5118\/revisions"}],"wp:attachment":[{"href":"http:\/\/www.erodzina.pl\/index.php\/wp-json\/wp\/v2\/media?parent=5118"}],"wp:term":[{"taxonomy":"category","embeddable":true,"href":"http:\/\/www.erodzina.pl\/index.php\/wp-json\/wp\/v2\/categories?post=5118"},{"taxonomy":"post_tag","embeddable":true,"href":"http:\/\/www.erodzina.pl\/index.php\/wp-json\/wp\/v2\/tags?post=5118"}],"curies":[{"name":"wp","href":"https:\/\/api.w.org\/{rel}","templated":true}]}}