{"id":539,"date":"2012-01-21T15:38:21","date_gmt":"2012-01-21T15:38:21","guid":{"rendered":"http:\/\/www.erodzina.eu\/?p=539"},"modified":"2012-01-21T15:38:21","modified_gmt":"2012-01-21T15:38:21","slug":"tuning-i-recycling","status":"publish","type":"post","link":"http:\/\/www.erodzina.pl\/index.php\/2012\/01\/21\/tuning-i-recycling\/","title":{"rendered":"Tuning i recycling"},"content":{"rendered":"<div align=\"justify\"><img loading=\"lazy\" decoding=\"async\" src=\"http:\/\/www.erodzina.eu\/wp-content\/uploads\/2012\/01\/mateusz41.jpg\" alt=\"\" title=\"mateusz4\" width=\"130\" height=\"129\" class=\"alignleft size-full wp-image-1777\" \/>&nbsp;&nbsp;&nbsp;&nbsp;&nbsp;W poprzednim numerze Skarbu Matki por\u00f3wna\u0142em rodzin\u0119 do sp\u00f3\u0142ki. Tym razem chcia\u0142bym zaproponowa\u0107 inn\u0105 paralel\u0119. W Polsce wszystko si\u0119 t\u0142umaczy na przyk\u0142adzie samochod\u00f3w. Co\u015b jest mercedesem w\u015br\u00f3d&#8230;, co innego jest powszechne jak Volkswagen. Wierz\u0119, \u017ce wi\u0119kszo\u015b\u0107 czytaj\u0105cych nas Matek ma sw\u00f3j mechaniczny skarb. A na pewno wie na ten temat znacznie wi\u0119cej, ni\u017c spodziewaj\u0105 si\u0119 panowie.<!--more--><br \/>\n&nbsp;&nbsp;&nbsp;&nbsp;&nbsp;Kiedy kupujemy nowy samoch\u00f3d z salonu, wiemy \u017ce jest on sprawny i nie wymaga specjalnej uwagi. Po prostu go u\u017cywamy. Nawet dow\u00f3d rejestracyjny jest wa\u017cny 3 lata po pierwszej rejestracji. Po trzech latach przychodzi zazwyczaj pierwszy kryzys w zwi\u0105zku. Stan zakochania trwa standardowo oko\u0142o dw\u00f3ch lat, rok na zrozumienie swojego zdziwienia, \u017ce co\u015b si\u0119 zmieni\u0142o i&#8230; mamy akurat 3 lata. Na pocz\u0105tku uznajemy, \u017ce chyba trzeba zrobi\u0107 bardziej gruntowny przegl\u0105d. Mo\u017ce wymieni\u0107 klocki hamulcowe, amortyzatory czy akumulator&#8230; Kilka powa\u017cnych rozm\u00f3w, jaki\u015b stres prze\u017cyty i wyt\u0142umaczony. I wr\u00f3cili\u015bmy do \u017cycia.<\/p>\n<p style=\"text-align:center; color:#4B0082; font-size:15px; float:right; border-top:3px; clear:right; margin: 30px 30px 20px 20px;\">\n<b>Dzisiaj ma\u0142o kto si\u0119 anga\u017cuje.<br \/>\u0141atwiej wymieni\u0107 model na<br \/>nowszy, z lepszym wyposa\u017ceniem,<br \/>mocniejszym silnikiem,<br \/>\u0142adniejszym lakierem.<br \/>A co z poprzednim?<\/b><\/p>\n<p>&nbsp;&nbsp;&nbsp;&nbsp;&nbsp;Czekaj\u0105 nas kolejne dwa lata spokoju. Raczej nic szczeg\u00f3lnego si\u0119 nie wydarzy. Je\u017celi nie jeste\u015bmy mi\u0119czakami i przeszli\u015bmy przez pierwszy kryzys, to do kryzysu pi\u0105tego roku doci\u0105gniemy bez zmru\u017cenia oka. Zazwyczaj pomagaj\u0105 w tym dzieci, kt\u00f3re nawet je\u017celi pojawi\u0142y si\u0119 na samym pocz\u0105tku, to dopiero teraz zaczynaj\u0105 mie\u0107 znacz\u0105cy wp\u0142yw na sam zwi\u0105zek. Wcze\u015bniej wymaga\u0142y uwagi i opieki \u2013 teraz staj\u0105 si\u0119 samodzielnym graczem. Pr\u00f3buj\u0105, co z kt\u00f3rym rodzicem mo\u017cna ugra\u0107, jak za\u0142atwi\u0107 swoje sprawy. Zaczynaj\u0105 si\u0119 spory. To ju\u017c nie s\u0105 kwestie drobnych poprawek czy podstawowych napraw. To ju\u017c kwestia zasadniczych remont\u00f3w. Wymiana tarcz, sprawdzenie wtryskiwaczy, mo\u017ce jakie\u015b przewody hamulcowe, czasem czujniki systemu ABS. Niby znowu nie takie powa\u017cne sprawy, ale&#8230; to trwa, \u017ceby je zlokalizowa\u0107 i naprawi\u0107. Zastanawiamy si\u0119, czy ju\u017c nie przyszed\u0142 czas na wymian\u0119 pojazdu. W ko\u0144cu on ma nam s\u0142u\u017cy\u0107, a nie anga\u017cowa\u0107 nasz czas i wysi\u0142ek.<br \/>\n&nbsp;&nbsp;&nbsp;&nbsp;&nbsp;Je\u017celi przeszli\u015bmy przez pr\u00f3g pi\u0105tego roku i kolejny przegl\u0105d techniczny \u2013 znacznie wi\u0119kszy wysi\u0142ek i du\u017ce koszty \u2013 zaczynamy rozumie\u0107, \u017ce nie wystarczy raz na jaki\u015b czas zg\u0142osi\u0107 si\u0119 do przegl\u0105du. Musimy regularnie s\u0142ucha\u0107 silnika, czu\u0107, jak wchodz\u0105 biegi, sprawdza\u0107, czy ko\u0142a nie bij\u0105 na kierownicy przy szybszej je\u017adzie. To ju\u017c nie jest nowy samoch\u00f3d. Wymaga uwagi i zaanga\u017cowania. Od tej pory coroczny przegl\u0105d to nic szczeg\u00f3lnego. Zazwyczaj i tak regularnie odwiedzamy warsztaty. Na ka\u017cdym kroku musimy by\u0107 czujni, \u017ceby nie zatrzyma\u0107 si\u0119 gdzie\u015b w polu bez mo\u017cliwo\u015bci powrotu do cywilizacji.<br \/>\n<br \/>[smartads]<br \/>\n&nbsp;&nbsp;&nbsp;&nbsp;&nbsp;Teraz ju\u017c wiemy, \u017ce regularna praca jest potrzebna i \u017ce to od nas zale\u017cy, czy si\u0119 nie znajdziemy w powa\u017cnych tarapatach. Ca\u0142y czas jeste\u015bmy wystawieni na niebezpiecze\u0144stwo. Wystarczy chwila nieuwagi i&#8230; okazuje si\u0119, \u017ce naszym pojazdem kieruje ju\u017c inny kierowca. Albo \u017ce musieli\u015bmy porzuci\u0107 nasz pojazd, \u017ceby wr\u00f3ci\u0107 do siebie i teraz nie bardzo wiemy, jak po niego wr\u00f3ci\u0107. Na tym etapie coraz cz\u0119\u015bciej jeste\u015bmy gotowi r\u00f3wnie\u017c z w\u0142asnej woli zmieni\u0107 pojazd. Znudzi\u0142 si\u0119 nam, troch\u0119 mniej b\u0142yszczy ni\u017c na pocz\u0105tku i wytar\u0142a si\u0119 tapicerka. Czy musimy si\u0119 do czego\u015b zmusza\u0107? Czy nie sta\u0107 nas na komfort?<br \/>\n&nbsp;&nbsp;&nbsp;&nbsp;&nbsp;C\u00f3\u017c, nie jest \u0142atwo ci\u0105gn\u0105\u0107 motoryzacyjn\u0105 paralel\u0119 bez ko\u0144ca. W ko\u0144cu ludzie to nie maszyny. Nie produkuje si\u0119 nas na linii produkcyjnej. Ka\u017cde \u017cycie i ka\u017cdy zwi\u0105zek jest inny. Chcia\u0142bym jednak zada\u0107 pytanie. Co bardziej zwraca nasz\u0105 uwag\u0119 na ulicy \u2013 najnowszy model znanej marki, czy zabytkowy samoch\u00f3d na \u017c\u00f3\u0142tych tablicach rejestracyjnych? Albo chocia\u017c kilkunastoletni seryjny samoch\u00f3d, ale oryginalnie oklejony, z r\u0119cznie robionym spojlerem i podrasowanymi \u015bwiat\u0142ami? No i mo\u017ce jak\u0105\u015b niebiesk\u0105 diod\u0105 w oryginalnym miejscu?<\/div>\n<p><!--nextpage--><\/p>\n<div align=\"justify\">&nbsp;&nbsp;&nbsp;&nbsp;&nbsp;To te pojazdy, kt\u00f3rym w\u0142a\u015bciciel stale po\u015bwi\u0119ca uwag\u0119, piel\u0119gnuje i dopieszcza, najd\u0142u\u017cej \u017cyj\u0105 i z ka\u017cdym rokiem odnosz\u0105 coraz bardziej spektakularne sukcesy. Dzisiaj na Facebooku widzia\u0142em og\u0142oszenie prezydenta jednego z najwi\u0119kszych miast w Polsce. Informowa\u0142 o medalach za d\u0142ugotrwa\u0142e ma\u0142\u017ce\u0144stwo. Par\u0119 o 60-letnim sta\u017cu uczci\u0142 oddzielnym zdaniem. Pary o sta\u017cu 55 lat wymieni\u0142 w kolejnym zdaniu. No i poinformowa\u0142, ile par z 50-letnim sta\u017cem odznaczy\u0142. Sta\u017c ma znaczenie. To s\u0105 lata zabieg\u00f3w i wysi\u0142ku. W\u0142o\u017conego zaanga\u017cowania i stara\u0144.<br \/>\n&nbsp;&nbsp;&nbsp;&nbsp;&nbsp;Dzisiaj ma\u0142o kto si\u0119 anga\u017cuje. \u0141atwiej wymieni\u0107 model na nowszy, z lepszym wyposa\u017ceniem, mocniejszym silnikiem, \u0142adniejszym lakierem. A co z poprzednim? Cz\u0119sto znajdzie si\u0119 nabywca. Kiedy indziej stoi w ogr\u00f3dku i rdzewieje. Niekt\u00f3re trafiaj\u0105 na z\u0142omowisko. Jeszcze inne rozebrane, w cz\u0119\u015bciach, na szrocie czekaj\u0105 na klienta. Zdarza si\u0119, \u017ce zostaj\u0105 porzucone gdzie\u015b w lesie czy na polu, podpalone, czasem \u017ceby zatrze\u0107 \u015blady&#8230;<br \/>\n&nbsp;&nbsp;&nbsp;&nbsp;&nbsp;Najwa\u017cniejsze jest, \u017ceby my\u015ble\u0107 ekologicznie. Pojazd sko\u0144czy\u0142 swoje \u017cycie. Ale jego elementy mog\u0105 \u017cy\u0107 dalej. Powinny \u017cy\u0107 dalej. Jako cz\u0119\u015bci zamienne czy jako surowce wt\u00f3rne. Ca\u0142o\u015b\u0107 przesta\u0142a istnie\u0107, ale cz\u0119\u015bci \u017cyj\u0105 dalej!<br \/>\n<center><img loading=\"lazy\" decoding=\"async\" src=\"http:\/\/www.erodzina.eu\/wp-content\/uploads\/2012\/01\/IMG_4045m.jpg\" alt=\"\" title=\"IMG_4045m\" width=\"500\" height=\"333\" class=\"alignnone size-full wp-image-1776\" srcset=\"http:\/\/www.erodzina.pl\/wp-content\/uploads\/2012\/01\/IMG_4045m.jpg 500w, http:\/\/www.erodzina.pl\/wp-content\/uploads\/2012\/01\/IMG_4045m-300x200.jpg 300w\" sizes=\"auto, (max-width: 500px) 100vw, 500px\" \/><\/center>&nbsp;&nbsp;&nbsp;&nbsp;&nbsp;&nbsp;&nbsp;&nbsp;&nbsp;&nbsp;&nbsp;&nbsp;&nbsp;&nbsp;&nbsp;&nbsp;&nbsp;&nbsp;&nbsp;&nbsp;&nbsp;&nbsp;&nbsp;&nbsp;&nbsp;&nbsp;&nbsp;&nbsp;&nbsp;&nbsp;<small><i>fot. Rados\u0142aw Laskowski<\/i><\/small><br \/>\n&nbsp;&nbsp;&nbsp;&nbsp;&nbsp;Tutaj dochodzimy do troch\u0119 delikatnego punktu naszej paraleli. No bo&#8230; te resztki pozosta\u0142e czemu mia\u0142yby odpowiada\u0107? Troch\u0119 brutalnie i niesprawiedliwie brzmia\u0142oby, \u017ce dzieci to w\u0142a\u015bnie pozosta\u0142o\u015bci po zwi\u0105zku. Nie chcia\u0142bym tak daleko si\u0119 posuwa\u0107. Ja bym nie chcia\u0142, ale&#8230; Czy nikt nie traktuje dziecka z zako\u0144czonego zwi\u0105zku jak odpad, kt\u00f3ry nie zas\u0142uguje na uwag\u0119? Czy nie znamy przypadk\u00f3w rodzic\u00f3w (najcz\u0119\u015bciej ojc\u00f3w), kt\u00f3rzy razem z rozwodem zapomnieli o dzieciach? O ich potrzebach emocjonalnych, duchowych, materialnych? Przesiedli si\u0119 do nowszego modelu i zwyczajnie porzucili stary gdzie\u015b przy ulicy? A czy nikt nie zna takich rodzic\u00f3w (najcz\u0119\u015bciej matek), kt\u00f3rzy w momencie rozwodu uznali dzieci za wy\u0142\u0105czn\u0105 w\u0142asno\u015b\u0107? Zapomnieli, \u017ce dziecko potrzebuje obojga rodzic\u00f3w? Odci\u0119li je od \u015bwiata? Schowali stary samoch\u00f3d do szopy i przykryli szmatami, przysypali sianem, ukryli przed oczami ciekawskich&#8230;<br \/>\n<br \/>[smartads]<br \/>\n&nbsp;&nbsp;&nbsp;&nbsp;&nbsp;Takie postawy rodzicielskie budz\u0105 sprzeciw. Ale ten sprzeciw cz\u0119sto wyra\u017camy po cichu, w w\u0105skim kr\u0119gu, na w\u0142asny u\u017cytek. A tu trzeba g\u0142o\u015bno krzycze\u0107! Dzieciom dzieje si\u0119 krzywda! Nie zgadzamy si\u0119! Na 'no co ty Tato&#8217; w centrum naszej uwagi s\u0105 dzieci. Dlatego zorganizowali\u015bmy Akcj\u0119 207. Jej celem jest zapobieganie zn\u0119caniu si\u0119 nad dzie\u0107mi poprzez pozbawianie ich rodzic\u00f3w.<br \/>\n<a href=\"http:\/\/akcja207.nocotytato.org.pl\" rel=\"nofollow\"><img loading=\"lazy\" decoding=\"async\" src=\"http:\/\/www.erodzina.eu\/wp-content\/uploads\/2012\/01\/nocotytato_500x160.gif\" alt=\"\" title=\"nocotytato_500x160\" width=\"500\" height=\"160\" class=\"alignnone size-full wp-image-1654\" \/><\/a><\/p>\n<p><i>Mateusz Kijowski<\/i><\/div>\n","protected":false},"excerpt":{"rendered":"<p>&nbsp;&nbsp;&nbsp;&nbsp;&nbsp;W poprzednim numerze Skarbu Matki por\u00f3wna\u0142em rodzin\u0119 do sp\u00f3\u0142ki. Tym razem chcia\u0142bym zaproponowa\u0107 inn\u0105 paralel\u0119. W Polsce wszystko si\u0119 t\u0142umaczy na przyk\u0142adzie samochod\u00f3w. Co\u015b jest mercedesem w\u015br\u00f3d&#8230;, co innego jest powszechne jak Volkswagen. Wierz\u0119, \u017ce wi\u0119kszo\u015b\u0107 czytaj\u0105cych nas Matek ma sw\u00f3j mechaniczny skarb. A na pewno wie na ten temat znacznie wi\u0119cej, ni\u017c spodziewaj\u0105 si\u0119 &hellip; <\/p>\n<p class=\"link-more\"><a href=\"http:\/\/www.erodzina.pl\/index.php\/2012\/01\/21\/tuning-i-recycling\/\" class=\"more-link\">Czytaj dalej<span class=\"screen-reader-text\"> Tuning i recycling<\/span><\/a><\/p>\n","protected":false},"author":1,"featured_media":0,"comment_status":"open","ping_status":"open","sticky":false,"template":"","format":"standard","meta":{"footnotes":""},"categories":[70,14,40,44,54],"tags":[671,818,917,1064],"class_list":["post-539","post","type-post","status-publish","format-standard","hentry","category-felietony","category-goscie","category-rodzina","category-tata-byc","category-zycie-wokol-nas","tag-ojciec","tag-prawa-ojca","tag-rodzina-2","tag-tata","entry"],"_links":{"self":[{"href":"http:\/\/www.erodzina.pl\/index.php\/wp-json\/wp\/v2\/posts\/539","targetHints":{"allow":["GET"]}}],"collection":[{"href":"http:\/\/www.erodzina.pl\/index.php\/wp-json\/wp\/v2\/posts"}],"about":[{"href":"http:\/\/www.erodzina.pl\/index.php\/wp-json\/wp\/v2\/types\/post"}],"author":[{"embeddable":true,"href":"http:\/\/www.erodzina.pl\/index.php\/wp-json\/wp\/v2\/users\/1"}],"replies":[{"embeddable":true,"href":"http:\/\/www.erodzina.pl\/index.php\/wp-json\/wp\/v2\/comments?post=539"}],"version-history":[{"count":0,"href":"http:\/\/www.erodzina.pl\/index.php\/wp-json\/wp\/v2\/posts\/539\/revisions"}],"wp:attachment":[{"href":"http:\/\/www.erodzina.pl\/index.php\/wp-json\/wp\/v2\/media?parent=539"}],"wp:term":[{"taxonomy":"category","embeddable":true,"href":"http:\/\/www.erodzina.pl\/index.php\/wp-json\/wp\/v2\/categories?post=539"},{"taxonomy":"post_tag","embeddable":true,"href":"http:\/\/www.erodzina.pl\/index.php\/wp-json\/wp\/v2\/tags?post=539"}],"curies":[{"name":"wp","href":"https:\/\/api.w.org\/{rel}","templated":true}]}}