{"id":5447,"date":"2013-04-26T11:13:48","date_gmt":"2013-04-26T11:13:48","guid":{"rendered":"http:\/\/www.erodzina.eu\/?p=5447"},"modified":"2013-04-26T11:13:48","modified_gmt":"2013-04-26T11:13:48","slug":"jak-ubrac-niemowle-na-wiosenny-spacer","status":"publish","type":"post","link":"http:\/\/www.erodzina.pl\/index.php\/2013\/04\/26\/jak-ubrac-niemowle-na-wiosenny-spacer\/","title":{"rendered":"Jak ubra\u0107 niemowl\u0119 na wiosenny spacer"},"content":{"rendered":"<div align=\"justify\"><img loading=\"lazy\" decoding=\"async\" src=\"http:\/\/www.erodzina.eu\/wp-content\/uploads\/2013\/04\/wiosenny_spacer.jpg\" alt=\"wiosenny spacer\" title=\"wiosenny_spacer\" width=\"192\" height=\"230\" class=\"alignleft size-full wp-image-5453\" \/>&nbsp;&nbsp;&nbsp;&nbsp;&nbsp;Jest ju\u017c wiosna. Mimo \u017ce jeszcze chwil\u0119 temu w krajobrazie przewa\u017ca\u0142 \u015bnieg, naprawd\u0119 jest ju\u017c wiosna. Jak co roku po zimie rodzice zbyt nie\u015bmia\u0142o przestawiaj\u0105 si\u0119 na wiosenne ubieranie dzieci. Wci\u0105\u017c jeszcze mo\u017cna zobaczy\u0107 w w\u00f3zkach maluchy opatulone po sam czubek nosa. Przypomnijmy zatem, jak ubiera\u0107 malucha na wiosn\u0119.<br \/>\n&nbsp;&nbsp;&nbsp;&nbsp;&nbsp;Bior\u0105c pod uwag\u0119, \u017ce temperatury wahaj\u0105 si\u0119 od kilkunastu stopni do dwudziestu i wy\u017cej, rekomendujemy odstawienie na bok zimowych zwyczaj\u00f3w. Nie\u015bmiertelna zasada m\u00f3wi, \u017ce niemowl\u0119 powinno by\u0107 ubrane w tyle warstw, co doros\u0142y, plus jedna dodatkowa. Sta\u0142e przegrzewanie dziecka jest niebezpieczne, poniewa\u017c prowadzi do rozstrojenia termoregulacji jego organizmu. Maluch b\u0119dzie marz\u0142 du\u017co szybciej i b\u0119dzie podatny na infekcje. Ju\u017c samo to, \u017ce dziecko spoci si\u0119 na spacerze, mo\u017ce spowodowa\u0107 przezi\u0119bienie.<!--more--><br \/>\n&nbsp;&nbsp;&nbsp;&nbsp;&nbsp;Dla przegrzanego dziecka spacer nie jest przyjemno\u015bci\u0105. Dla spaceruj\u0105cego z nim doros\u0142ego te\u017c nie. Dziecko, kt\u00f3remu jest zbyt gor\u0105co, jest niespokojne, marudne, zdenerwowane, p\u0142aczliwe. Taki maluch nie b\u0119dzie spa\u0142 spokojnie, ani nie b\u0119dzie delektowa\u0142 si\u0119 widokami. A chyba nie o to chodzi, by spacer by\u0142 przykrym obowi\u0105zkiem.<br \/>\n<img loading=\"lazy\" decoding=\"async\" src=\"http:\/\/www.erodzina.eu\/wp-content\/uploads\/2013\/04\/wiosenny_spacer1.jpg\" alt=\"wiosenny spacer\" title=\"wiosenny_spacer\" width=\"265\" height=\"400\" class=\"alignright size-full wp-image-5456\" \/>&nbsp;&nbsp;&nbsp;&nbsp;&nbsp;A zatem konkretnie, jak ubra\u0107 niemowl\u0119 na wiosenny spacer? Je\u015bli ty masz na sobie bluzk\u0119 z kr\u00f3tkim r\u0119kawem i wiosenn\u0105, cienk\u0105 kurtk\u0119, dziecku za\u0142\u00f3\u017c bluzk\u0119 z kr\u00f3tkim r\u0119kawem i wiosenn\u0105 kurtk\u0119 a pod ni\u0105 dodatkow\u0105 bluzeczk\u0119. Je\u015bli spacerujesz w bluzce z d\u0142ugim r\u0119kawem, dziecku r\u00f3wnie\u017c za\u0142\u00f3\u017c bluzk\u0119 z d\u0142ugim r\u0119kawem, a na to dodatkowo sweterek. Nie przykrywaj swojego dziecka szczelnie kocem. U\u017cyj raczej flanelowej pieluchy.<br \/>\n&nbsp;&nbsp;&nbsp;&nbsp;&nbsp;To, czy dziecko ma w\u0142a\u015bciw\u0105 temperatur\u0119, sprawdzaj na karku lub na klatce piersiowej. Je\u015bli tam jest wilgotno, to znaczy, \u017ce dziecku jest ju\u017c zdecydowanie za gor\u0105co. Je\u015bli wilgotno nie jest, ale gor\u0105co owszem, to te\u017c sygna\u0142, \u017ce maluch jest za ciep\u0142o ubrany.<br \/>\n&nbsp;&nbsp;&nbsp;&nbsp;&nbsp;Ciep\u0142ota d\u0142oni, st\u00f3p, nosa, czo\u0142a dziecka nie jest absolutnie \u017cadnym wyznacznikiem. Maluch ma s\u0142abo rozwini\u0119te kr\u0105\u017cenie w miejscach odleg\u0142ych od centrum cia\u0142a, dlatego d\u0142onie czy stopy b\u0119dzie mia\u0142 z regu\u0142y ch\u0142odne. Je\u015bli ma ciep\u0142e, to znaczy, \u017ce mo\u017ce mu by\u0107 za gor\u0105co.<br \/>\n&nbsp;&nbsp;&nbsp;&nbsp;&nbsp;Nie przesadzaj z czapkami. Je\u015bli jest silny wiatr i dziecko jest na \u00f3w wiatr wystawione, mo\u017cesz za\u0142o\u017cy\u0107 czapk\u0119 z nausznikami, z materia\u0142u, kt\u00f3ry uchroni przed przewianiem. Natomiast na co dzie\u0144 niech to b\u0119dzie cienka, bawe\u0142niana czapeczka, zw\u0142aszcza, \u017ce niemowl\u0119 je\u017adzi w gondoli, kt\u00f3ra chroni przed wiatrem. Taki dwu-, trzy-, czteromiesi\u0119czny bobas ma nieproporcjonalnie du\u017c\u0105 g\u0142ow\u0119, a co za tym idzie sk\u00f3ra g\u0142owy stanowi ca\u0142kiem du\u017c\u0105 cze\u015b\u0107 (jedn\u0105 trzeci\u0105) ca\u0142ej sk\u00f3ry na ciele dziecka. M.in. poprzez sk\u00f3r\u0119 odbywa si\u0119 termoregulacja organizmu. Je\u015bli zatem za\u0142o\u017cymy niemowl\u0119ciu zbyt grub\u0105 czapk\u0119, b\u0119dzie si\u0119 obficie poci\u0107 na 1\/3 powierzchni swojego cia\u0142a.<br \/>\n<br \/>[smartads]<br \/>\n&nbsp;&nbsp;&nbsp;&nbsp;&nbsp;Co zrobi\u0107, gdy dziecko si\u0119 spoci na spacerze? Najlepiej by\u0142oby do tego nie dopu\u015bci\u0107. Spocone dziecko mo\u017ce si\u0119 po chwili wych\u0142odzi\u0107, poniewa\u017c na wilgotnym ciele ch\u0142\u00f3d jest bardziej odczuwalny. Kontroluj\u0105c temperatur\u0119 cia\u0142a dziecka, poprzez obserwowanie ciep\u0142oty karku czy samego zachowania malucha, masz szans\u0119 zdj\u0105\u0107 z niego dodatkow\u0105 warstw\u0119 ubra\u0144 i zapobiec spoceniu. Je\u015bli natomiast sta\u0142o si\u0119 i dziecko jest wilgotne, nie zdejmuj wierzchniej warstwy ubra\u0144. Zdj\u0105\u0107 trzeba to, co jest przy ciele \u2013 wilgotne. Ale nie mo\u017cna tego robi\u0107 na dworze. Musisz wr\u00f3ci\u0107 do domu i zmieni\u0107 malcowi ubranie, lub wej\u015b\u0107 do jakiego\u015b pomieszczenia, cho\u0107by na klatk\u0119 schodow\u0105 i tam zdj\u0105\u0107 to, co zosta\u0142o przepocone.<br \/>\n&nbsp;&nbsp;&nbsp;&nbsp;&nbsp;Ze starszymi dzie\u0107mi jest ju\u017c banalnie prosto. Rozgadany kilkulatek ju\u017c powie, \u017ce mu zimno, gor\u0105co lub w sam raz. Wtedy kwesti\u0105 pozostaje tylko to, czy jego zdanie zostanie uszanowane, czy doros\u0142y zechce narzuci\u0107 dziecku swoje widzimisi\u0119.<\/p>\n<p><i>\/eR<\/p>\n<p>Image courtesy of imagerymajestic\/FreeDigitalPhotos.net<\/i><\/div>\n","protected":false},"excerpt":{"rendered":"<p>&nbsp;&nbsp;&nbsp;&nbsp;&nbsp;Jest ju\u017c wiosna. Mimo \u017ce jeszcze chwil\u0119 temu w krajobrazie przewa\u017ca\u0142 \u015bnieg, naprawd\u0119 jest ju\u017c wiosna. Jak co roku po zimie rodzice zbyt nie\u015bmia\u0142o przestawiaj\u0105 si\u0119 na wiosenne ubieranie dzieci. Wci\u0105\u017c jeszcze mo\u017cna zobaczy\u0107 w w\u00f3zkach maluchy opatulone po sam czubek nosa. Przypomnijmy zatem, jak ubiera\u0107 malucha na wiosn\u0119. &nbsp;&nbsp;&nbsp;&nbsp;&nbsp;Bior\u0105c pod uwag\u0119, \u017ce temperatury wahaj\u0105 &hellip; <\/p>\n<p class=\"link-more\"><a href=\"http:\/\/www.erodzina.pl\/index.php\/2013\/04\/26\/jak-ubrac-niemowle-na-wiosenny-spacer\/\" class=\"more-link\">Czytaj dalej<span class=\"screen-reader-text\"> Jak ubra\u0107 niemowl\u0119 na wiosenny spacer<\/span><\/a><\/p>\n","protected":false},"author":1,"featured_media":0,"comment_status":"open","ping_status":"open","sticky":false,"template":"","format":"standard","meta":{"footnotes":""},"categories":[9,31,33,39],"tags":[435,854,1007,1103],"class_list":["post-5447","post","type-post","status-publish","format-standard","hentry","category-dziecko","category-niemowle","category-pielegnacja","category-redakcja-autorzy","tag-jak-ubrac-dziecko","tag-przegrzanie","tag-spacer-z-dzieckiem","tag-ubieranie-dziecka","entry"],"_links":{"self":[{"href":"http:\/\/www.erodzina.pl\/index.php\/wp-json\/wp\/v2\/posts\/5447","targetHints":{"allow":["GET"]}}],"collection":[{"href":"http:\/\/www.erodzina.pl\/index.php\/wp-json\/wp\/v2\/posts"}],"about":[{"href":"http:\/\/www.erodzina.pl\/index.php\/wp-json\/wp\/v2\/types\/post"}],"author":[{"embeddable":true,"href":"http:\/\/www.erodzina.pl\/index.php\/wp-json\/wp\/v2\/users\/1"}],"replies":[{"embeddable":true,"href":"http:\/\/www.erodzina.pl\/index.php\/wp-json\/wp\/v2\/comments?post=5447"}],"version-history":[{"count":0,"href":"http:\/\/www.erodzina.pl\/index.php\/wp-json\/wp\/v2\/posts\/5447\/revisions"}],"wp:attachment":[{"href":"http:\/\/www.erodzina.pl\/index.php\/wp-json\/wp\/v2\/media?parent=5447"}],"wp:term":[{"taxonomy":"category","embeddable":true,"href":"http:\/\/www.erodzina.pl\/index.php\/wp-json\/wp\/v2\/categories?post=5447"},{"taxonomy":"post_tag","embeddable":true,"href":"http:\/\/www.erodzina.pl\/index.php\/wp-json\/wp\/v2\/tags?post=5447"}],"curies":[{"name":"wp","href":"https:\/\/api.w.org\/{rel}","templated":true}]}}