{"id":582,"date":"2012-01-22T03:35:33","date_gmt":"2012-01-22T03:35:33","guid":{"rendered":"http:\/\/www.erodzina.eu\/?p=582"},"modified":"2012-01-22T03:35:33","modified_gmt":"2012-01-22T03:35:33","slug":"kolorystyka-pokoju-dzieciecego","status":"publish","type":"post","link":"http:\/\/www.erodzina.pl\/index.php\/2012\/01\/22\/kolorystyka-pokoju-dzieciecego\/","title":{"rendered":"Kolorystyka pokoju dzieci\u0119cego"},"content":{"rendered":"<div align=\"justify\"><img loading=\"lazy\" decoding=\"async\" src=\"http:\/\/www.erodzina.eu\/wp-content\/uploads\/2012\/01\/kolory3.jpg\" alt=\"\" title=\"kolory3\" width=\"200\" height=\"180\" class=\"alignleft size-full wp-image-1920\" \/>&nbsp;&nbsp;&nbsp;&nbsp;&nbsp;Ma\u0142emu, raczkuj\u0105cemu umys\u0142owi potrzeba silnej stymulacji. A jednym z lepszych \u017ar\u00f3de\u0142 daj\u0105cych po\u017cywk\u0119 dla dzieci\u0119cej wyobra\u017ani, jest dobrze zaprojektowany pok\u00f3j \u2013 koniecznie pe\u0142en kolor\u00f3w.<br \/>\n&nbsp;&nbsp;&nbsp;&nbsp;&nbsp;Dystyngowane pastele s\u0105 dla doros\u0142ych, dla dzieci \u2013 wszystkie kolory t\u0119czy. W pokoju malucha ma by\u0107 weso\u0142o jak na placu zabaw, jednocze\u015bnie stymuluj\u0105co podczas pracy nad szkolnymi zadaniami domowymi, a tak\u017ce spokojnie \u2013 by pociecha mog\u0142a spokojnie spa\u0107 w nocy. I jeszcze, by taki pok\u00f3j r\u00f3s\u0142 razem z maluchem, kt\u00f3ry \u2013 podobnie jak z ubra\u0144 \u2013 z pewnych gam kolorystycznych te\u017c wyrasta. Jak po\u0142\u0105czy\u0107 wszystkie te wymagania w jednym, ma\u0142ym \u2013 najcz\u0119\u015bciej najmniejszym w mieszkaniu \u2013 pomieszczeniu?<!--more--><\/p>\n<p style=\"text-align:center; color:#4B0082; font-size:15px; float:right; border-top:3px; clear:right; margin: 30px 30px 20px 20px;\">\n<b>Pobudzaj\u0105c\u0105 zar\u00f3wno do<br \/>agresywnych zachowa\u0144,<br \/>jak i daj\u0105c\u0105 wra\u017cenie ciep\u0142a<br \/>i przytulno\u015bci czerwie\u0144<br \/>najlepiej zastosowa\u0107<br \/>jako pokrycie cz\u0119\u015bci mebli,<br \/>nigdy jako g\u0142\u00f3wny motyw \u015bciany.<\/b><\/p>\n<h4>Kolory neutralne.<\/h4>\n<p>&nbsp;&nbsp;&nbsp;&nbsp;&nbsp;Wydaje si\u0119, \u017ce maluchowi, kt\u00f3ry ledwo widzi kszta\u0142ty i kontury, a co dopiero zlewaj\u0105c\u0105 mu si\u0119 w jedn\u0105, szarawo-bia\u0142\u0105 barw\u0119 wn\u0119trza, mo\u017ce by\u0107 wszystko jedno. Niezupe\u0142nie \u2013 kolory w pokoju dla nowego cz\u0142onka rodziny to podstawa dobrego \u201estartu\u201d niemowl\u0119cia w \u015bwiat dorastania. A to, jak b\u0119dzie on wygl\u0105da\u0142, zale\u017cy zar\u00f3wno od indywidualnych kolorystycznych upodoba\u0144 rodzic\u00f3w, jak i propozycji znajomych, kt\u00f3rzy ju\u017c maj\u0105 w\u0142asne dzieci i swoje na temat wystroju pokoju dla najm\u0142odszego wiedz\u0105.<\/p>\n<h4>Be\u017ce i br\u0105zy.<\/h4>\n<p>&nbsp;&nbsp;&nbsp;&nbsp;&nbsp;Tydzie\u0144 po narodzinach dziecko potrafi rozr\u00f3\u017cni\u0107 nie tylko szaro\u015b\u0107 i biel, ale powoli zaczyna widzie\u0107 kolor czerwony, potem niebieski \u2013 jest to wi\u0119c najlepszy znak, by zaprojektowa\u0107 pok\u00f3j w delikatnych odcieniach w\u0142a\u015bnie tych kolor\u00f3w, ale niekoniecznie. Pastelowa \u017c\u00f3\u0142\u0107, pomara\u0144cz lub ziele\u0144 r\u00f3wnie dobrze wp\u0142yn\u0105 na stymulacj\u0119 wzroku i m\u00f3zgu malucha, cho\u0107 wed\u0142ug naukowc\u00f3w dzieci p\u0142acz\u0105 cz\u0119\u015bciej w pokojach w\u0142a\u015bnie w barwie spranego \u017conkila, podobnie zreszt\u0105 jak doros\u0142e pary, intensywniej k\u0142\u00f3c\u0105 si\u0119 w jasnej, \u017c\u00f3\u0142tej kuchni. Trzeba jednak przyzna\u0107, \u017ce stymulacja, o kt\u00f3r\u0105 nam przecie\u017c chodzi, cho\u0107 do\u015b\u0107 \u201ekrzykliwa\u201d, w efekcie ma miejsce. Inni twierdz\u0105, \u017ce \u017c\u00f3\u0142ty ma interesuj\u0105cy wp\u0142yw na maluchy, kt\u00f3re maj\u0105 problemy z oddychaniem \u2013 \u017ar\u00f3d\u0142em pobudzenia do nieprzerwanego p\u0142aczu jest w\u0142a\u015bnie \u015bciana w barwie s\u0142o\u0144ca, dzi\u0119ki kt\u00f3rej \u201eoddychaj\u0105\u201d i tym samym \u2013 cho\u0107 do\u015b\u0107 g\u0142o\u015bno \u2013 \u0107wicz\u0105 chore drogi oddechowe.<br \/>\n<br \/>[smartads]<\/p>\n<h4>Dominuj\u0105ca biel, soczyste barwy dodatkowe.<\/h4>\n<p>&nbsp;&nbsp;&nbsp;&nbsp;&nbsp;Nie musimy bra\u0107 pod uwag\u0119 \u201ekoloru p\u0142ci\u201d, kt\u00f3ra najpewniej swoje \u017ar\u00f3d\u0142o ma w fakcie, i\u017c maluch po tygodniu rozr\u00f3\u017cnia w\u0142a\u015bnie dwa ju\u017c bardziej konkretne kolory, czyli czerwie\u0144 i b\u0142\u0119kit: ch\u0142opiec nie musi si\u0119 od razu p\u0142awi\u0107 w b\u0142\u0119kitach i jego odcieniach, a dziewczynka w r\u00f3\u017cach czy purpurach. Pok\u00f3j ma by\u0107 przede wszystkim jasny na \u015bcianach i suficie, a bardziej intensywnie kolorystycznie mog\u0105 by\u0107 dodatki: \u0142\u00f3\u017ceczko, przewijak, dywanik, zas\u0142ony czy szafa (zaleca si\u0119 jednak stosowanie \u201edwukoloru\u201d: \u015bciany w jednym kolorze, dodatki w innym, oba musz\u0105 ze sob\u0105 wsp\u00f3\u0142gra\u0107, np. niebieskie \u015bciany, bia\u0142e meble). Ma by\u0107 kolorowo, ale niezbyt intensywnie, bo krzykliwa czerwie\u0144 mo\u017ce niekorzystnie wp\u0142yn\u0105\u0107 na kszta\u0142tuj\u0105cy si\u0119 charakter dziecka, kt\u00f3re nie musi rosn\u0105\u0107 na choleryka od chwili pierwszego raczkowania. Stymulowa\u0107 mo\u017ce te\u017c \u015bwiat\u0142o: warto wi\u0119c pomy\u015ble\u0107 o zrobieniu pokoju dziecka w pomieszczeniu z du\u017cym oknem, przez kt\u00f3re b\u0119dzie wpada\u0107 \u015bwiat\u0142o dzienne, ale pod kt\u00f3rym nie nale\u017cy bezpo\u015brednio ustawia\u0107 \u0142\u00f3\u017cka malucha ze wzgl\u0119du na przeci\u0105gi.<br \/>\n<br \/>\n<img loading=\"lazy\" decoding=\"async\" src=\"http:\/\/www.erodzina.eu\/wp-content\/uploads\/2012\/01\/kolory1.jpg\" alt=\"\" title=\"kolory1\" width=\"580\" height=\"386\" class=\"aligncenter size-full wp-image-1921\" srcset=\"http:\/\/www.erodzina.pl\/wp-content\/uploads\/2012\/01\/kolory1.jpg 580w, http:\/\/www.erodzina.pl\/wp-content\/uploads\/2012\/01\/kolory1-300x200.jpg 300w\" sizes=\"auto, (max-width: 580px) 100vw, 580px\" \/><\/div>\n<p><!--nextpage--><\/p>\n<div align=\"justify\"><img loading=\"lazy\" decoding=\"async\" src=\"http:\/\/www.erodzina.eu\/wp-content\/uploads\/2012\/01\/kolory2.jpg\" alt=\"\" title=\"kolory2\" width=\"580\" height=\"479\" class=\"aligncenter size-full wp-image-1922\" srcset=\"http:\/\/www.erodzina.pl\/wp-content\/uploads\/2012\/01\/kolory2.jpg 580w, http:\/\/www.erodzina.pl\/wp-content\/uploads\/2012\/01\/kolory2-300x248.jpg 300w\" sizes=\"auto, (max-width: 580px) 100vw, 580px\" \/><\/p>\n<h4>Soczyste barwy dominuj\u0105ce we wn\u0119trzu.<\/h4>\n<p>&nbsp;&nbsp;&nbsp;&nbsp;&nbsp;Gdy maluch podro\u015bnie, nasze zdanie w sprawie wygl\u0105du jego pokoju przestaje si\u0119 liczy\u0107 \u2013 a przynajmniej po cz\u0119\u015bci. Trudny etap negocjacji w kwestii pomalowania czy wytapetowania \u015bcian na ulubion\u0105 barw\u0119 malucha, trzeba zwyczajnie zaakceptowa\u0107, bo im bardziej dziecko staje si\u0119 samodzielne, tym wi\u0119cej podejmuje indywidualnych decyzji dotycz\u0105cych tego, co robi i w jakim otoczeniu. A tym najbli\u017cszym i najbardziej bezpiecznym otoczeniem jest w\u0142a\u015bnie jego pok\u00f3j.<br \/>\n&nbsp;&nbsp;&nbsp;&nbsp;&nbsp;Dziecku trzeba wi\u0119c najpierw pokaza\u0107 6 kolor\u00f3w podstawowej palety barw, spo\u015br\u00f3d kt\u00f3rych wybierze wraz z rodzicami-doradcami w kwestii \u201e\u0142\u0105czliwo\u015bci\u201d barw oraz ich wp\u0142ywu na psychik\u0119 i usposobienie. Z racji tego, \u017ce dziecko znajduje si\u0119 na mocno \u201ewierc\u0105cym si\u0119\u201d etapie rozwoju, najbezpieczniej jest wybra\u0107 barwy, kt\u00f3re uspokoj\u0105 jego troch\u0119 rozbrykane usposobienie, ale i  nie st\u0142amsz\u0105 go. Nie mog\u0105 to by\u0107 barwy zbyt ciemne (nawet uwielbiany przez 80% ludzkiej populacji b\u0142\u0119kitny w zbyt ciemnej tonacji zamiast uspokaja\u0107 sprawi, \u017ce dziecko b\u0119dzie smutne i osowia\u0142e) ani zbyt jasne, bo md\u0142e barwy zwyczajnie nie pobudzaj\u0105 dziecka zar\u00f3wno do zabawy, jak i nauki. Wn\u0119trze nie mo\u017ce te\u017c by\u0107 zbyt zimne ani gor\u0105ce \u2013 ch\u0142odne, uspokajaj\u0105ce barwy warto o\u017cywi\u0107 cieplejszymi i na odwr\u00f3t \u2013 trzeba zarazem stymulowa\u0107, jak i relaksowa\u0107 m\u0142ody umys\u0142.<br \/>\n <br \/>[smartads]<br \/>\n&nbsp;&nbsp;&nbsp;&nbsp;&nbsp;Pobudzaj\u0105c\u0105 zar\u00f3wno do agresywnych zachowa\u0144, jak i daj\u0105c\u0105 wra\u017cenie ciep\u0142a i przytulno\u015bci czerwie\u0144 najlepiej zastosowa\u0107 jako pokrycie cz\u0119\u015bci mebli, nigdy jako g\u0142\u00f3wny motyw \u015bciany. Podobnie jest z pomara\u0144czowym i weso\u0142ym \u017c\u00f3\u0142tym, kt\u00f3ry \u2013 to na plus \u2013 pobudza z kolei do aktywno\u015bci fizycznej. Te barwy \u015bwietnie za to wsp\u00f3\u0142graj\u0105 z uspokajaj\u0105c\u0105 zieleni\u0105 czy b\u0142\u0119kitem i biel\u0105. Uwaga te\u017c z bia\u0142ym \u2013 wygl\u0105da \u0142adnie i ma bardzo uspokajaj\u0105ce dzia\u0142anie, ale w dzieci\u0119cym pokoju, w kt\u00f3rym nieskoordynowane ruchy brudnych r\u0105czek mog\u0105 si\u0119 zako\u0144czy\u0107 po prostu na \u015bcianie, jest zwyczajnie niepraktyczny. Ciep\u0142y pomara\u0144czowy mo\u017cna o\u017cywi\u0107 jeszcze bardziej czerwonymi dodatkami i &#8222;dociepli\u0107&#8221; drewnian\u0105 pod\u0142og\u0105.<\/p>\n<p><em>Agnieszka Jab\u0142o\u0144ska<\/em><br \/>\n<a href=\"http:\/\/www.fabryka-wnetrz.net\/\" ref=\"nofollow\" ><img loading=\"lazy\" decoding=\"async\" src=\"http:\/\/www.erodzina.eu\/wp-content\/uploads\/2012\/01\/fabryka.jpg\" alt=\"\" title=\"fabryka\" width=\"400\" height=\"106\" class=\"alignnone size-full wp-image-1698\" srcset=\"http:\/\/www.erodzina.pl\/wp-content\/uploads\/2012\/01\/fabryka.jpg 400w, http:\/\/www.erodzina.pl\/wp-content\/uploads\/2012\/01\/fabryka-300x80.jpg 300w\" sizes=\"auto, (max-width: 400px) 100vw, 400px\" \/><\/a><\/div>\n","protected":false},"excerpt":{"rendered":"<p>&nbsp;&nbsp;&nbsp;&nbsp;&nbsp;Ma\u0142emu, raczkuj\u0105cemu umys\u0142owi potrzeba silnej stymulacji. A jednym z lepszych \u017ar\u00f3de\u0142 daj\u0105cych po\u017cywk\u0119 dla dzieci\u0119cej wyobra\u017ani, jest dobrze zaprojektowany pok\u00f3j \u2013 koniecznie pe\u0142en kolor\u00f3w. &nbsp;&nbsp;&nbsp;&nbsp;&nbsp;Dystyngowane pastele s\u0105 dla doros\u0142ych, dla dzieci \u2013 wszystkie kolory t\u0119czy. W pokoju malucha ma by\u0107 weso\u0142o jak na placu zabaw, jednocze\u015bnie stymuluj\u0105co podczas pracy nad szkolnymi zadaniami domowymi, a tak\u017ce &hellip; <\/p>\n<p class=\"link-more\"><a href=\"http:\/\/www.erodzina.pl\/index.php\/2012\/01\/22\/kolorystyka-pokoju-dzieciecego\/\" class=\"more-link\">Czytaj dalej<span class=\"screen-reader-text\"> Kolorystyka pokoju dzieci\u0119cego<\/span><\/a><\/p>\n","protected":false},"author":1,"featured_media":0,"comment_status":"open","ping_status":"open","sticky":false,"template":"","format":"standard","meta":{"footnotes":""},"categories":[9,14,40],"tags":[478,784,785],"class_list":["post-582","post","type-post","status-publish","format-standard","hentry","category-dziecko","category-goscie","category-rodzina","tag-kolorystyka-pokoju","tag-pokoj-dla-dziecka","tag-pokoj-dzieciecy","entry"],"_links":{"self":[{"href":"http:\/\/www.erodzina.pl\/index.php\/wp-json\/wp\/v2\/posts\/582","targetHints":{"allow":["GET"]}}],"collection":[{"href":"http:\/\/www.erodzina.pl\/index.php\/wp-json\/wp\/v2\/posts"}],"about":[{"href":"http:\/\/www.erodzina.pl\/index.php\/wp-json\/wp\/v2\/types\/post"}],"author":[{"embeddable":true,"href":"http:\/\/www.erodzina.pl\/index.php\/wp-json\/wp\/v2\/users\/1"}],"replies":[{"embeddable":true,"href":"http:\/\/www.erodzina.pl\/index.php\/wp-json\/wp\/v2\/comments?post=582"}],"version-history":[{"count":0,"href":"http:\/\/www.erodzina.pl\/index.php\/wp-json\/wp\/v2\/posts\/582\/revisions"}],"wp:attachment":[{"href":"http:\/\/www.erodzina.pl\/index.php\/wp-json\/wp\/v2\/media?parent=582"}],"wp:term":[{"taxonomy":"category","embeddable":true,"href":"http:\/\/www.erodzina.pl\/index.php\/wp-json\/wp\/v2\/categories?post=582"},{"taxonomy":"post_tag","embeddable":true,"href":"http:\/\/www.erodzina.pl\/index.php\/wp-json\/wp\/v2\/tags?post=582"}],"curies":[{"name":"wp","href":"https:\/\/api.w.org\/{rel}","templated":true}]}}