{"id":608,"date":"2012-01-12T10:05:07","date_gmt":"2012-01-12T10:05:07","guid":{"rendered":"http:\/\/www.erodzina.eu\/?p=608"},"modified":"2012-01-12T10:05:07","modified_gmt":"2012-01-12T10:05:07","slug":"dlaczego-bobas-musi-brykac","status":"publish","type":"post","link":"http:\/\/www.erodzina.pl\/index.php\/2012\/01\/12\/dlaczego-bobas-musi-brykac\/","title":{"rendered":"Dlaczego bobas musi bryka\u0107?"},"content":{"rendered":"<div align=\"justify\">\n<h4>Maluchy na start, czyli jak i gdzie bawi\u0107 si\u0119 ze swoim dzieckiem.<\/h4>\n<p><img loading=\"lazy\" decoding=\"async\" src=\"http:\/\/www.erodzina.eu\/wp-content\/uploads\/2012\/01\/dzieci2.jpg\" alt=\"\" title=\"dzieci2\" width=\"250\" height=\"192\" class=\"alignleft size-full wp-image-1162\" \/><em>&#8222;Cz\u0142owiek poznaje otaczaj\u0105cy go \u015bwiat ca\u0142ym sob\u0105, a potrzeba ci\u0105g\u0142ego rozwoju, wzrastania, podnoszenia si\u0119, umacniania poczucia mocy \u017cyciowej jest naturaln\u0105 i najg\u0142\u0119bsz\u0105 potrzeb\u0105 ludzk\u0105.&#8221;<br \/>\n[C. Freinet]<\/em><br \/>\n&nbsp;&nbsp;&nbsp;&nbsp;&nbsp;Okres wczesnego dzieci\u0144stwa jest najwa\u017cniejszym okresem w \u017cyciu cz\u0142owieka. Dzieci nie tylko rozwijaj\u0105 si\u0119 ruchowo, ale te\u017c spo\u0142ecznie, emocjonalnie, poznawczo i j\u0119zykowo. Poznaj\u0105 otoczenie wszystkimi zmys\u0142ami: obserwuj\u0105, s\u0142uchaj\u0105, dotykaj\u0105, smakuj\u0105, eksperymentuj\u0105 z poruszaniem si\u0119, rozwijaj\u0105 zdolno\u015bci koordynacyjne i r\u00f3wnowa\u017cne.<!--more--> Kr\u00f3tko m\u00f3wi\u0105c, poznaj\u0105 siebie, swoje mo\u017cliwo\u015bci i ograniczenia oraz otaczaj\u0105cy je \u015bwiat. To w tym czasie kszta\u0142tuj\u0105 si\u0119 \u201efundamenty\u201d,  na kt\u00f3rych m\u0142ody cz\u0142owiek budowa\u0107 b\u0119dzie swoje \u017cycie. Dlatego tak wa\u017cne  jest, by wspiera\u0107 maluchy w ich rozwoju od pierwszych chwil po urodzeniu.<\/p>\n<p style=\"text-align:center; color:#4B0082; font-size:15px; float:right; border-top:3px; clear:right; margin: 30px 30px 20px 20px;\">\n<b>Interesuj\u0105ce przedmioty powinny<br \/>by\u0107 w zasi\u0119gu wzroku, na dost\u0119pnej<br \/>wysoko\u015bci, ale umieszczone tak,<br \/>by zmusza\u0142y do aktywno\u015bci fizycznej,<br \/>przemieszczania si\u0119, a nast\u0119pnie<br \/>do si\u0119gania, chwytania i poznawania.<\/b><\/p>\n<p>&nbsp;&nbsp;&nbsp;&nbsp;&nbsp;Dotyk jest jedn\u0105 z podstawowych form stymulacji. To dzi\u0119ki dotykowi wzmacnia si\u0119 wie\u017a emocjonalna mi\u0119dzy matk\u0105 a dzieckiem, dlatego nale\u017cy delikatnie g\u0142aska\u0107 brzd\u0105ca, \u0142askota\u0107, ko\u0142ysa\u0107, podnosi\u0107, masowa\u0107 (np.: wykonywa\u0107 masa\u017c Shantala). Dotyk i ruch stymuluj\u0105 uk\u0142ad nerwowy dziecka. Poza tym blisko\u015b\u0107 fizyczna jest tak\u017ce najlepsz\u0105 form\u0105 uspokajania malucha, kt\u00f3ry nie potrafi jeszcze radzi\u0107 sobie  z silnymi emocjami.<br \/>\n&nbsp;&nbsp;&nbsp;&nbsp;&nbsp;Bardzo istotne jest r\u00f3wnie\u017c zapewnienie dziecku dost\u0119pu do zabawek i przedmiot\u00f3w wydaj\u0105cych d\u017awi\u0119ki, o r\u00f3\u017cnej g\u0119sto\u015bci, fakturze, wadze,  np.: tkanin, butelek plastikowych z r\u00f3\u017cnymi ziarnami w \u015brodku, pude\u0142ek, papieru, materia\u0142\u00f3w naturalnych takich jak drewienka, piasek itp. oraz pozwolenie na zabaw\u0119, czyli \u201erobienie ba\u0142aganu\u201d. Poprzez wielokrotne powtarzanie tych czynno\u015bci &#8211; zabaw, zapewniamy maluchowi to, co dla niego najbardziej naturalne i edukuj\u0105ce w tej fazie rozwoju.<br \/>\n<br \/><center><img loading=\"lazy\" decoding=\"async\" src=\"http:\/\/www.erodzina.eu\/wp-content\/uploads\/2012\/01\/dzieci.jpg\" alt=\"\" title=\"dzieci\" width=\"400\" height=\"265\" \/><\/center><br \/>\n&nbsp;&nbsp;&nbsp;&nbsp;&nbsp;W trakcie planowania zabawy nie nale\u017cy zapomina\u0107 o tym, by przestrze\u0144 zosta\u0142a zorganizowana w spos\u00f3b bezpieczny i inspiruj\u0105cy. Interesuj\u0105ce przedmioty powinny by\u0107 w zasi\u0119gu wzroku, na dost\u0119pnej wysoko\u015bci, ale umieszczone tak, by zmusza\u0142y do aktywno\u015bci fizycznej, przemieszczania si\u0119, a nast\u0119pnie do si\u0119gania, chwytania i poznawania.<br \/>\n<br \/>[smartads]<br \/>\n&nbsp;&nbsp;&nbsp;&nbsp;&nbsp;Je\u015bli mamom ju\u017c brak pomys\u0142\u00f3w na sp\u0119dzanie czasu z bobasem, maj\u0105 do\u015b\u0107 zabaw z dzieckiem w domu, to istniej\u0105 miejsca, w kt\u00f3rych w przestrzeni zaaran\u017cowanej specjalnie z my\u015bl\u0105 o ma\u0142ych dzieciach, b\u0119d\u0105 mia\u0142y okazj\u0119 do wsp\u00f3lnych zabaw w gronie innych maluch\u00f3w i ich opiekun\u00f3w. Zauwa\u017cyli\u015bmy, \u017ce zaj\u0119cia \u201eBrykaj\u0105ce bobasy\u201d nie tylko sprawiaj\u0105 wiele rado\u015bci maluchom (ju\u017c 4 miesi\u0119czne niemowl\u0119ta ucz\u0119szczaj\u0105 na zaj\u0119cia wraz z mamami), ale r\u00f3wnie\u017c ich mamom, kt\u00f3re \u015bwietnie si\u0119 bawi\u0105, niejednokrotnie \u015bmiej\u0105 si\u0119 g\u0142o\u015bniej ni\u017c dzieci, a przede wszystkim uaktywniaj\u0105 si\u0119 spo\u0142ecznie po porodzie i czasie jaki sp\u0119dzi\u0142y \u201ezamkni\u0119te\u201d w domu. Maj\u0105 okazj\u0119 nawi\u0105za\u0107 nowe znajomo\u015bci, wymienia\u0107 si\u0119 do\u015bwiadczeniami, obserwacjami odno\u015bnie dzieci, lekarzy, ubranek i innych rzeczy zwi\u0105zanych z wychowywaniem potomstwa. A gdy istnieje taka potrzeba umo\u017cliwiamy rozmow\u0119 z rehabilitantem, psychologiem, logoped\u0105.<br \/>\n<img loading=\"lazy\" decoding=\"async\" src=\"http:\/\/www.erodzina.eu\/wp-content\/uploads\/2012\/01\/przemo.jpg\" alt=\"\" title=\"przemo\" width=\"193\" height=\"290\" class=\"alignleft size-full wp-image-1164\" \/>&nbsp;&nbsp;&nbsp;&nbsp;&nbsp;Ojcowie s\u0105 r\u00f3wnie\u017c mile widziani na zaj\u0119ciach. Dzi\u0119ki udzia\u0142owi w nich maj\u0105 okazj\u0119 zacie\u015bni\u0107 wi\u0119\u017a z maluchem, poobserwowa\u0107 dziecko w kontaktach z innymi dzie\u0107mi, wiele si\u0119 nauczy\u0107 od innych rodzic\u00f3w. Poza tym ojciec, tak samo jak i matka, potrzebuje kontaktu z lud\u017ami, kt\u00f3rzy s\u0105 na podobnym etapie w \u017cyciu, maj\u0105 podobne rado\u015bci i zmartwienia. To dodaje pewno\u015bci siebie i swobody w relacji z w\u0142asnym potomkiem.<br \/>\n&nbsp;&nbsp;&nbsp;&nbsp;&nbsp;Tego typu zaj\u0119cia, niezale\u017cnie od plac\u00f3wki, zazwyczaj prowadzone s\u0105 w ma\u0142ych grupach, by maluchy, jak i ich rodzice, czuli si\u0119 komfortowo, gdy\u017c celem jest nie tylko zapewnienie optymalnego rozwoju dziecku, ale przede wszystkim pog\u0142\u0119bienie wi\u0119zi rodzinnych i umo\u017cliwienie nawi\u0105zania nowych znajomo\u015bci.<br \/>\n<br \/>\n<em>\u201eMa\u0142y cz\u0142owieczek idzie w me \u015blady,<br \/>\nPyta o drog\u0119, prosi o rady;<br \/>\nZb\u0142\u0105dzi\u0107 nie mog\u0119, cho\u0107by si\u0119 chcia\u0142o,<br \/>\nBo p\u00f3jdzie za mn\u0105 pewnie i \u015bmia\u0142o.<br \/>\nOczka swe ci\u0105gle na mnie obraca,<br \/>\nI na\u015bladuje, to jego praca.<br \/>\nJestem wyroczni\u0105 i nie ma rady,<br \/>\nMa\u0142y cz\u0142owieczek idzie w me \u015blady.<br \/>\nW wiosennym s\u0142o\u0144cu, w zimowym \u015bniegu,<br \/>\nRze\u017abi\u0119 i tworz\u0119, w marszu i w biegu<br \/>\nNa d\u0142ugie lata przysz\u0142ej dekady<br \/>\nCz\u0142owieczka, kt\u00f3ry idzie w me \u015blady\u201d<br \/>\n[John C. Maxwell]<\/em><\/p>\n<p><em>Katarzyna Modlinger<br \/>\nAleksandra Kurowska &#8211; Polakowska<\/em><br \/>\n<img loading=\"lazy\" decoding=\"async\" src=\"http:\/\/www.erodzina.eu\/wp-content\/uploads\/2012\/01\/logoedusmyksm.jpg\" alt=\"\" title=\"logoedusmyksm\" width=\"400\" height=\"189\" class=\"alignnone size-full wp-image-1170\" srcset=\"http:\/\/www.erodzina.pl\/wp-content\/uploads\/2012\/01\/logoedusmyksm.jpg 400w, http:\/\/www.erodzina.pl\/wp-content\/uploads\/2012\/01\/logoedusmyksm-300x142.jpg 300w\" sizes=\"auto, (max-width: 400px) 100vw, 400px\" \/><\/div>\n","protected":false},"excerpt":{"rendered":"<p>Maluchy na start, czyli jak i gdzie bawi\u0107 si\u0119 ze swoim dzieckiem. &#8222;Cz\u0142owiek poznaje otaczaj\u0105cy go \u015bwiat ca\u0142ym sob\u0105, a potrzeba ci\u0105g\u0142ego rozwoju, wzrastania, podnoszenia si\u0119, umacniania poczucia mocy \u017cyciowej jest naturaln\u0105 i najg\u0142\u0119bsz\u0105 potrzeb\u0105 ludzk\u0105.&#8221; [C. Freinet] &nbsp;&nbsp;&nbsp;&nbsp;&nbsp;Okres wczesnego dzieci\u0144stwa jest najwa\u017cniejszym okresem w \u017cyciu cz\u0142owieka. Dzieci nie tylko rozwijaj\u0105 si\u0119 ruchowo, ale te\u017c &hellip; <\/p>\n<p class=\"link-more\"><a href=\"http:\/\/www.erodzina.pl\/index.php\/2012\/01\/12\/dlaczego-bobas-musi-brykac\/\" class=\"more-link\">Czytaj dalej<span class=\"screen-reader-text\"> Dlaczego bobas musi bryka\u0107?<\/span><\/a><\/p>\n","protected":false},"author":1,"featured_media":0,"comment_status":"open","ping_status":"open","sticky":false,"template":"","format":"standard","meta":{"footnotes":""},"categories":[9,14,31,43],"tags":[310,434,539,1064,1229,1230],"class_list":["post-608","post","type-post","status-publish","format-standard","hentry","category-dziecko","category-goscie","category-niemowle","category-rozwoj-dziecka","tag-dziecko-2","tag-jak-sie-bawic","tag-mama","tag-tata","tag-zajecia-dla-dzieci","tag-zajecia-z-rodzicami","entry"],"_links":{"self":[{"href":"http:\/\/www.erodzina.pl\/index.php\/wp-json\/wp\/v2\/posts\/608","targetHints":{"allow":["GET"]}}],"collection":[{"href":"http:\/\/www.erodzina.pl\/index.php\/wp-json\/wp\/v2\/posts"}],"about":[{"href":"http:\/\/www.erodzina.pl\/index.php\/wp-json\/wp\/v2\/types\/post"}],"author":[{"embeddable":true,"href":"http:\/\/www.erodzina.pl\/index.php\/wp-json\/wp\/v2\/users\/1"}],"replies":[{"embeddable":true,"href":"http:\/\/www.erodzina.pl\/index.php\/wp-json\/wp\/v2\/comments?post=608"}],"version-history":[{"count":0,"href":"http:\/\/www.erodzina.pl\/index.php\/wp-json\/wp\/v2\/posts\/608\/revisions"}],"wp:attachment":[{"href":"http:\/\/www.erodzina.pl\/index.php\/wp-json\/wp\/v2\/media?parent=608"}],"wp:term":[{"taxonomy":"category","embeddable":true,"href":"http:\/\/www.erodzina.pl\/index.php\/wp-json\/wp\/v2\/categories?post=608"},{"taxonomy":"post_tag","embeddable":true,"href":"http:\/\/www.erodzina.pl\/index.php\/wp-json\/wp\/v2\/tags?post=608"}],"curies":[{"name":"wp","href":"https:\/\/api.w.org\/{rel}","templated":true}]}}