{"id":6476,"date":"2013-09-18T09:00:04","date_gmt":"2013-09-18T09:00:04","guid":{"rendered":"http:\/\/www.erodzina.eu\/?p=6476"},"modified":"2013-09-18T09:00:04","modified_gmt":"2013-09-18T09:00:04","slug":"wspolczesny-natolatek-oczami-wspolczesnego-nastolatka","status":"publish","type":"post","link":"http:\/\/www.erodzina.pl\/index.php\/2013\/09\/18\/wspolczesny-natolatek-oczami-wspolczesnego-nastolatka\/","title":{"rendered":"Wsp\u00f3\u0142czesny natolatek oczami wsp\u00f3\u0142czesnego nastolatka"},"content":{"rendered":"<div align=\"justify\">&nbsp;&nbsp;&nbsp;&nbsp;&nbsp;Zastanawiacie si\u0119 czasem nad tym, jak m\u0142odzie\u017c patrzy na \u015bwiat? Rodzice cz\u0119sto pope\u0142niaj\u0105 b\u0142\u0105d odcz\u0142owieczenia swoich dzieci. Niemowl\u0119ta s\u0105 s\u0142odkimi bobaskami, kt\u00f3re robi\u0105 siku, kup\u0119 i p\u0142acz\u0105, potem s\u0105 kilkulatki, kt\u00f3re trzeba tresowa\u0107, a nast\u0119pnie nastolatki, z kt\u00f3rymi trzeba walczy\u0107. Doros\u0142ym \u0142atwo przychodzi zapominanie w\u0142asnych dzieci\u0119cych lat i wprost proporcjonalnie trudno \u2013 pr\u00f3ba spojrzenia na \u015bwiat oczami swojego dorastaj\u0105cego dziecka.<br \/>\n&nbsp;&nbsp;&nbsp;&nbsp;&nbsp;Mo\u017cna odnie\u015b\u0107 wra\u017cenie, \u017ce dzi\u015b nastolatki s\u0105 cz\u0119sto porzucone. Dostaj\u0105 je\u015b\u0107, maj\u0105 gdzie spa\u0107, ale w rodzicach nie maj\u0105 przyjaciela i opiekuna, kogo\u015b kto stara si\u0119 rozumie\u0107 problemy, wesprze\u0107 w tym burzliwym czasie i pom\u00f3c w razie potrzeby.<br \/>\n<img loading=\"lazy\" decoding=\"async\" src=\"http:\/\/www.erodzina.eu\/wp-content\/uploads\/2013\/09\/Olek.jpg\" alt=\"Olek\" width=\"250\" height=\"250\" class=\"alignleft size-full wp-image-6475\" \/>&nbsp;&nbsp;&nbsp;&nbsp;&nbsp;O obrazie dzisiejszych nastolatk\u00f3w rozmawia\u0142am z <strong>Olkiem Koluchem<\/strong>, niedzisiejszym nastolatkiem.<br \/>\n<br \/>\n<strong>El\u017cbieta Haque: <em>Jaka jest wsp\u00f3\u0142czesna m\u0142odzie\u017c?<\/em><\/strong><!--more--><br \/>\n<strong>Olek Koluch:<\/strong> Dzisiejsza m\u0142odzie\u017c stara si\u0119 na si\u0142\u0119 przyporz\u0105dkowa\u0107 do jakiej\u015b grupy, subkultury. Zanika u niej w\u0142asny charakter. Moralno\u015b\u0107 i inne cechy nie s\u0105 wykszta\u0142cane poprzez jej w\u0142asne do\u015bwiadczenia, lecz s\u0105 z g\u00f3ry jej przypisane. Nastolatki godz\u0105 si\u0119 na to same.<br \/>\n<br \/>\n<strong>EH: <em>Dostrzegasz absurdy zachowa\u0144 m\u0142odzie\u017cy. Jakie b\u0142\u0119dy pope\u0142niaj\u0105? Jakich wyskok\u00f3w mog\u0105 \u017ca\u0142owa\u0107? Jakie maj\u0105 problemy?<\/em><\/strong><br \/>\n<strong>OK:<\/strong> M\u0142odzie\u017c na si\u0142\u0119 szuka problem\u00f3w zwi\u0105zanych z mi\u0142o\u015bci\u0105. Wmawiaj\u0105 sobie depresje i inne chore stany. Facebook jest zasypany r\u00f3\u017cnymi postami, z\u0142otymi my\u015blami i innym badziewiem o tre\u015bci depresyjnej. Pisz\u0105, \u017ce maj\u0105 z\u0142amane serca, jak to \u017cycie ich do\u015bwiadczy\u0142o, los jest okrutny, a rodzice nie potrafi\u0105 ich zrozumie\u0107. Rozumiem, \u017ce cz\u0142owiekowi mo\u017ce by\u0107 \u017ale. Sam cz\u0119sto cierpi\u0119. Jednak nie pokazuj\u0119 tego publicznie. Je\u015bli komu\u015b m\u00f3wi\u0119, to tylko ludziom zaufanym. Postawa dzisiejszych nastolatk\u00f3w pokazuje, jak bardzo chc\u0105 by\u0107 m\u0119czennikami, by ludzie przy nich kl\u0119kali, pocieszali i najlepiej z nimi wirtualnie p\u0142akali. Mnie osobi\u015bcie to \u015bmieszy.<br \/>\n&nbsp;&nbsp;&nbsp;&nbsp;&nbsp;M\u0142odzie\u017c wstawia zdj\u0119cia i posty z imprez. Chc\u0105 pokaza\u0107 jak bardzo si\u0119 upili, za\u0107pali i jacy s\u0105 doro\u015bli. Doro\u015bli?! Pajace! Za czyj\u0105 mamon\u0119 chodzicie napruci?! Bo na pewno nie za swoj\u0105. Doros\u0142o\u015b\u0107 jest wtedy, gdy potrafisz sam si\u0119 utrzyma\u0107. Sam o siebie zadba\u0107. Nie jest to wiek 14, 17, czy nawet 19-21 lat. Przera\u017ca mnie 13-14 latek afiszuj\u0105cy si\u0119 paleniem. Kto normalny w tym wieku kupuje sobie elektronicznego papierosa?! Kto w tym wieku si\u0119 upija?! Lito\u015bci&#8230; Sam lubi\u0119 wypi\u0107, t\u0142umacz\u0119 to tym, \u017ce chc\u0119 zresetowa\u0107 sw\u00f3j umys\u0142. Lecz nie chwal\u0119 si\u0119 tym przed nikim. Potrafi\u0119 robi\u0107 to w spos\u00f3b odpowiedzialny, kulturalny. Marihuana ma na mnie z\u0142y wp\u0142yw, za to podzi\u0119kuj\u0119.<br \/>\n&nbsp;&nbsp;&nbsp;&nbsp;&nbsp;M\u0142odzi ludzie nie s\u0142uchaj\u0105 rodzic\u00f3w, sami cz\u0119sto musimy si\u0119 przekona\u0107 o sile i bezwzgl\u0119dno\u015bci tego \u015bwiata. Niekt\u00f3rzy wyci\u0105gaj\u0105 z tego dobre wnioski, inni brn\u0105 \u015blepo dalej. Nastolatki w dzisiejszych czasach nie my\u015bl\u0105 samodzielnie. Nie maj\u0105 w\u0142asnego zdania. Mimo, i\u017c wi\u0119kszo\u015b\u0107 nie wierzy w Boga, id\u0105 do bierzmowania itp., gdy\u017c boj\u0105 si\u0119&#8230;, nie wiem czego. Ja, mimo i\u017c pochodz\u0119 z bardzo wierz\u0105cej rodziny, nie ba\u0142em si\u0119 odej\u015b\u0107 zupe\u0142nie od wiary. Porozmawia\u0142em z cz\u0142onkami rodziny i w zasadzie wszyscy to zaakceptowali.<br \/>\n<br \/>\n<strong>EH: <em>Nie jeste\u015b typowym nastolatkiem, kt\u00f3remu w g\u0142owie jedynie imprezy, dragi i alkohol. My\u015blisz bardzo racjonalnie jak na sw\u00f3j wiek i anga\u017cujesz si\u0119 w sprawy polityczne, spo\u0142eczne, kt\u00f3re raczej nie zajmuj\u0105 tak m\u0142odych ludzi. Przynajmniej tak by\u0142o 15 lat temu, kiedy ja by\u0142am nastolatk\u0105. W Twoim otoczeniu wielu jest m\u0142odych ludzi, kt\u00f3rzy patrz\u0105 na \u015bwiat tak jak Ty?<\/em><\/strong><br \/>\n<strong>OK:<\/strong> Polityk\u0105 w zasadzie nie interesuje si\u0119 nikt. Ci, kt\u00f3rzy uwa\u017caj\u0105, \u017ce maj\u0105 jakiekolwiek poj\u0119cie na ten temat, my\u015bl\u0105, i\u017c lewicowo\u015b\u0107 polega na popieraniu legalizacji marihuany, a w katastrofie Smole\u0144skiej zmar\u0142 JAROS\u0141AW Kaczy\u0144ski wraz z jego kotem. Jest to przykre, bo nie wyobra\u017cam sobie, jak by to wygl\u0105da\u0142o, gdyby moje pokolenie obj\u0119\u0142o w\u0142adz\u0119 w naszym kraju.<br \/>\n&nbsp;&nbsp;&nbsp;&nbsp;&nbsp;Mimo, \u017ce mam lewicowe pogl\u0105dy, moim najlepszym koleg\u0105 jest zagorza\u0142y prawicowiec. Jazz, pozdrawiam Cie serdecznie. On wyzywa mnie od lewak\u00f3w i komuch\u00f3w, ja nie pozostaj\u0119 mu d\u0142u\u017cny i nazywam go katofaszyst\u0105. Jednak to wszystko traktujemy jako \u017carty, szanujemy swoje pogl\u0105dy, a swoje zdanie w dyskusjach argumentujemy.<br \/>\n<br \/>\n<strong>EH: <em>W takim razie jest Was dw\u00f3ch.<br \/>\nJeste\u015b w takim wieku, \u017ce internet zapewne by\u0142 naturalnym towarzyszem Twojego dorastania. Czy Twoi r\u00f3wie\u015bnicy potrafi\u0105 bezpiecznie z niego korzysta\u0107? Widzicie jakie\u015b zagro\u017cenia, kt\u00f3re si\u0119 w nim czaj\u0105?<\/em><\/strong><br \/>\n<strong>OK:<\/strong> Moja mama zawsze stara\u0142a si\u0119 mnie chroni\u0107 przed zagro\u017ceniami p\u0142yn\u0105cymi z internetu. Lubi\u0142em gra\u0107, lecz nigdy nie wpad\u0142em w na\u0142\u00f3g zwi\u0105zany z nadmiernym korzystaniem z komputera i internetu. Teraz na gry zwyczajnie szkoda mi czasu, a sieci u\u017cywam do zdobywania wiadomo\u015bci zwi\u0105zanych ze \u015bwiatem i polityk\u0105. Korzystam te\u017c z Facebooka. M\u0142odzi tworz\u0105 sobie sw\u00f3j wirtualny \u015bwiat na tym portalu, s\u0105 cz\u0119sto oderwani przez to od rzeczywisto\u015bci. Przeczytanie dobrej ksi\u0105\u017cki jest r\u00f3wne ze strat\u0105 czasu i za\u015bciankiem.<br \/>\n[smartads]<br \/>\n<strong>EH: <em>Znasz spraw\u0119 Hannah Smith? Wspominam o niej <a href=\"http:\/\/www.erodzina.eu\/nastolatki-uwiklane-w-siec-rodzice-otworzcie-szerzej-oczy\/\" target=\"_blank\" rel=\"noopener\">tutaj<\/a>. Jedni twierdz\u0105, \u017ce winny jest wy\u0142\u0105cznie portal, inni obwiniaj\u0105 w 100% rodzic\u00f3w. Jakie jest Twoje osobiste zdanie?<\/em><\/strong><br \/>\n<strong>OK:<\/strong> Moim zdaniem win\u0119 za \u015bmier\u0107 dziewczynki ponosz\u0105 g\u0142\u00f3wnie jej koledzy i kole\u017canki. Oni pod wp\u0142ywem swojego zakompleksienia chcieli wy\u017cy\u0107 si\u0119 na niej. Chcieli w najbardziej obrzydliwy spos\u00f3b uprzykrza\u0107 jej \u017cycie. Wiadomo, ze skoro jej uroda odbiega\u0142a od panuj\u0105cych w\u015br\u00f3d m\u0142odzie\u017cy kanon\u00f3w pi\u0119kna, by\u0142a w ich oczach osob\u0105 gorsz\u0105 i s\u0142absz\u0105. Jednak sama dziewczynka nie jest bez winy. Widz\u0105c, jak znajomi j\u0105 traktuj\u0105, nie powinna ich prowokowa\u0107 do dalszej nagonki na ni\u0105. Rodzice? My\u015bl\u0119, \u017ce w dzisiejszych czasach ma\u0142o kt\u00f3ry rodzic ma \u015bwiadomo\u015b\u0107, co jego dziecko robi w sieci.<br \/>\n<br \/>\n<strong>EH: <em>Uwa\u017casz, \u017ce tego typu prze\u015bladowanie (poni\u017caj\u0105ce komentarze, wrzucanie o\u015bmieszaj\u0105cych zdj\u0119\u0107, film\u00f3w) w internecie jest du\u017cym problemem czy to sporadyczne sytuacje rozdmuchane tylko przez media?<\/em><\/strong><br \/>\n<strong>OK:<\/strong> Prze\u015bladowanie w internecie, zw\u0142aszcza w\u015br\u00f3d m\u0142odzie\u017cy, jest ogromnym problemem. M\u0142odzi ludzie, przez swoj\u0105 zazdro\u015b\u0107, kompleksy i g\u0142upot\u0119, chc\u0105 niszczy\u0107 \u017cycie innym. Chc\u0105, by druga osoba cierpia\u0142a i by\u0142a po\u015bmiewiskiem. Jest to bardzo przykre, ale pokazuje tylko, jak ci ludzie s\u0105 okaleczeni przez los&#8230; Zapewne wi\u0119kszo\u015b\u0107 sama nie mo\u017ce znale\u017a\u0107 dla siebie miejsca w \u015bwiecie.<br \/>\n<br \/>\n<strong>EH: <em>My\u015blisz, \u017ce tak zwani doro\u015bli mog\u0105 zrobi\u0107 co\u015b, \u017ceby nie traci\u0107 kontaktu ze swoimi dorastaj\u0105cymi dzie\u0107mi? Jakie pope\u0142niaj\u0105 b\u0142\u0119dy?<\/em><\/strong><br \/>\n<strong>OK:<\/strong> Wiadomo, ka\u017cdy opiekun jest inny. Najgorsza jest skrajno\u015b\u0107. Jeden wymaga zbyt du\u017co i chce realizowa\u0107 swoje marzenia poprzez dziecko, zbyt wiele mu zabrania, inny za to na zbyt wiele pozwala.<br \/>\n&nbsp;&nbsp;&nbsp;&nbsp;&nbsp;M\u00f3j tata mo\u017ce krytykowa\u0107 moje wyniki w nauce. Ale zachowanie? Tu ju\u017c nie. Gdy on mia\u0142 16-18 lat te\u017c eksperymentowa\u0142 i mia\u0142 na koncie r\u00f3\u017cne akcje. Ja go jednak szanuj\u0119, wyr\u00f3s\u0142 na porz\u0105dnego cz\u0142owieka. Ka\u017cdy ma prawo b\u0142\u0105dzi\u0107 i on daje mi r\u00f3wnie\u017c tak\u0105 mo\u017cliwo\u015b\u0107. Podobnie jak mama, ona jednak zawsze by\u0142a wzorem do na\u015bladowania.<br \/>\n&nbsp;&nbsp;&nbsp;&nbsp;&nbsp;Dogadywanie z rodzicami cz\u0119sto zale\u017cy od dziecka. Od jego zmian humoru itp. Nie potrafi\u0119 tego realnie oceni\u0107, nie chc\u0119 urazi\u0107 \u017cadnej ze stron. Ka\u017cdy cz\u0142owiek jest inny, nie jestem w tej kwestii specjalist\u0105.<\/p>\n<p><em>Z Olkiem Koluchem rozmawia\u0142a<br \/>\nEl\u017cbieta Haque<\/em><\/div>\n","protected":false},"excerpt":{"rendered":"<p>&nbsp;&nbsp;&nbsp;&nbsp;&nbsp;Zastanawiacie si\u0119 czasem nad tym, jak m\u0142odzie\u017c patrzy na \u015bwiat? Rodzice cz\u0119sto pope\u0142niaj\u0105 b\u0142\u0105d odcz\u0142owieczenia swoich dzieci. Niemowl\u0119ta s\u0105 s\u0142odkimi bobaskami, kt\u00f3re robi\u0105 siku, kup\u0119 i p\u0142acz\u0105, potem s\u0105 kilkulatki, kt\u00f3re trzeba tresowa\u0107, a nast\u0119pnie nastolatki, z kt\u00f3rymi trzeba walczy\u0107. Doros\u0142ym \u0142atwo przychodzi zapominanie w\u0142asnych dzieci\u0119cych lat i wprost proporcjonalnie trudno \u2013 pr\u00f3ba spojrzenia na &hellip; <\/p>\n<p class=\"link-more\"><a href=\"http:\/\/www.erodzina.pl\/index.php\/2013\/09\/18\/wspolczesny-natolatek-oczami-wspolczesnego-nastolatka\/\" class=\"more-link\">Czytaj dalej<span class=\"screen-reader-text\"> Wsp\u00f3\u0142czesny natolatek oczami wsp\u00f3\u0142czesnego nastolatka<\/span><\/a><\/p>\n","protected":false},"author":1,"featured_media":0,"comment_status":"open","ping_status":"open","sticky":false,"template":"","format":"standard","meta":{"footnotes":""},"categories":[9,11,40,47],"tags":[593,608,1166],"class_list":["post-6476","post","type-post","status-publish","format-standard","hentry","category-dziecko","category-elzbieta-haque","category-rodzina","category-wychowanie","tag-mlodziez","tag-nastolatki","tag-wychowanie-2","entry"],"_links":{"self":[{"href":"http:\/\/www.erodzina.pl\/index.php\/wp-json\/wp\/v2\/posts\/6476","targetHints":{"allow":["GET"]}}],"collection":[{"href":"http:\/\/www.erodzina.pl\/index.php\/wp-json\/wp\/v2\/posts"}],"about":[{"href":"http:\/\/www.erodzina.pl\/index.php\/wp-json\/wp\/v2\/types\/post"}],"author":[{"embeddable":true,"href":"http:\/\/www.erodzina.pl\/index.php\/wp-json\/wp\/v2\/users\/1"}],"replies":[{"embeddable":true,"href":"http:\/\/www.erodzina.pl\/index.php\/wp-json\/wp\/v2\/comments?post=6476"}],"version-history":[{"count":0,"href":"http:\/\/www.erodzina.pl\/index.php\/wp-json\/wp\/v2\/posts\/6476\/revisions"}],"wp:attachment":[{"href":"http:\/\/www.erodzina.pl\/index.php\/wp-json\/wp\/v2\/media?parent=6476"}],"wp:term":[{"taxonomy":"category","embeddable":true,"href":"http:\/\/www.erodzina.pl\/index.php\/wp-json\/wp\/v2\/categories?post=6476"},{"taxonomy":"post_tag","embeddable":true,"href":"http:\/\/www.erodzina.pl\/index.php\/wp-json\/wp\/v2\/tags?post=6476"}],"curies":[{"name":"wp","href":"https:\/\/api.w.org\/{rel}","templated":true}]}}