{"id":7225,"date":"2014-07-16T09:48:14","date_gmt":"2014-07-16T09:48:14","guid":{"rendered":"http:\/\/www.erodzina.eu\/?p=7225"},"modified":"2014-07-16T09:48:14","modified_gmt":"2014-07-16T09:48:14","slug":"savoir-vivre-klopotliwy-talerz-z-chleba","status":"publish","type":"post","link":"http:\/\/www.erodzina.pl\/index.php\/2014\/07\/16\/savoir-vivre-klopotliwy-talerz-z-chleba\/","title":{"rendered":"Savoir-vivre &#8211; k\u0142opotliwy talerz z chleba"},"content":{"rendered":"<p><img loading=\"lazy\" decoding=\"async\" src=\"http:\/\/www.erodzina.eu\/wp-content\/uploads\/2013\/01\/savoir-vivre-150x150.jpg\" alt=\"savoir-vivre\" width=\"150\" height=\"150\" class=\"alignleft size-thumbnail wp-image-4916\" \/><\/p>\n<p align=\"justify\">&nbsp;&nbsp;&nbsp;&nbsp;&nbsp;Nauczono mnie, \u017ce jedzenia wyrzuca\u0107 nie nale\u017cy i zgadzam si\u0119 z tym, wi\u0119c si\u0142\u0105 rzeczy kultywuj\u0119 ten pogl\u0105d i ucz\u0119 podobnie swoje dzieci. Jak\u017ce wi\u0119c k\u0142opotliwe sta\u0142o si\u0119 dla mnie popularne ostatnio danie podane na komunijnym przyj\u0119ciu: \u017curek w ma\u0142ym, okr\u0105g\u0142ym chlebku. Okaza\u0142o si\u0119 jednak, \u017ce konsternacja dotkn\u0119\u0142a nie tylko mnie, ale wi\u0119kszo\u015b\u0107 zgromadzonych na uroczysto\u015bci go\u015bci.<\/p>\n<p><!--more--><\/p>\n<p align=\"justify\">&nbsp;&nbsp;&nbsp;&nbsp;&nbsp;Chlebek by\u0142 pieczony, mi\u0119kki i rumiany &#8211; po prostu grzech go nie zje\u015b\u0107&#8230;, ale gdzie\u015b w g\u0142owie ko\u0142ata\u0142a mi si\u0119 my\u015bl, \u017ce to nie wypada. Z jednej strony wszystkie przybrania da\u0144 zrobione z tego, co nadaje si\u0119 do jedzenia, mo\u017cna zje\u015b\u0107, a z drugiej &#8211; czy wypada zje\u015b\u0107 \u201etalerz\u201d? Na forum rodzinnym stwierdzili\u015bmy, \u017ce nie b\u0119dziemy si\u0119 przejmowa\u0107 i rumiane chlebki zosta\u0142y zjedzone prawie do ko\u0144ca. M\u0119czy\u0142a mnie jednak ta sprawa na tyle, \u017ce zg\u0142\u0119bi\u0142am temat na ile si\u0119 da\u0142o, szukaj\u0105c w m\u0105drych ksi\u0119gach. Temat okaza\u0142 si\u0119 jednak do\u015b\u0107 skomplikowany. Okazuje si\u0119, \u017ce skonsumowanie chlebka, kt\u00f3ry stanowi talerz jest prostactwem jedynie wtedy, gdy znajdujemy si\u0119 na oficjalnym przyj\u0119ciu, chleb za\u015b zosta\u0142 zakupiony wy\u0142\u0105cznie jako efektowne naczynie do tego\u017c \u017curku lub innego dania. Taki bowiem chlebek \u2013 miseczka nie jest w\u00f3wczas normalnym chlebem, smacznym i \u015bwie\u017cym, lecz tward\u0105 skorup\u0105, z kt\u00f3r\u0105 mo\u017cna mie\u0107 problem podczas pr\u00f3by zjedzenia. Nie nale\u017cy go wi\u0119c zjada\u0107, traktuj\u0105c podobnie jak talerz, obrus czy serwetk\u0119.<\/p>\n<p align=\"justify\">&nbsp;&nbsp;&nbsp;&nbsp;&nbsp;Co innego, gdy jeste\u015bmy w restauracji lub w domu podczas nieformalnego obiadu. Mo\u017cna wtedy swobodnie \u00f3w talerz poskuba\u0107, nie martwi\u0105c si\u0119, \u017ce jedzenie r\u0119koma jest nieeleganckie, tudzie\u017c zwracaj\u0105c uwag\u0119 na s\u0105siad\u00f3w, aby ich nie pochlapa\u0107 zup\u0105 lub sosem. Je\u015bli w restauracji podano nam wypiekany na miejscu chlebek jako naczynie, to wr\u0119cz wyrazem uznania dla kucharza b\u0119dzie to, \u017ce zostanie on zjedzony razem z daniem.<\/p>\n<p>[smartads]<\/p>\n<p align=\"justify\">&nbsp;&nbsp;&nbsp;&nbsp;&nbsp;Pozosta\u0142a mi jeszcze jedna zagadka do rozwi\u0105zania. Co si\u0119 dzieje z setkami takich chlebowych talerzy po jednorazowym u\u017cyciu? Moja przewrotna wyobra\u017ania podpowiedzia\u0142a mi od razu, \u017ce to przecie\u017c jasne &#8211; wydaje si\u0119 danie drugi raz, aby by\u0142o oszcz\u0119dnie. Brrr&#8230; Po zastanowieniu stwierdzi\u0142am, \u017ce chyba jednak nie. W restauracji tak nie mo\u017ce by\u0107. Zatem jak? Mo\u017ce oddaje si\u0119 je dla jakich\u015b zwierzak\u00f3w gospodarstwa domowego? Zastanawiam si\u0119 jednak, czy z przyk\u0142adowej Warszawy transportowano by takie resztki gdzie\u015b na wie\u015b? A mo\u017ce kto\u015b z Was wie, bo pracowa\u0142\/pracuje w restauracji, w kt\u00f3rej podaje si\u0119 takie niejadalne naczynia z chleba i zechce mi wyja\u015bni\u0107 czy s\u0105 one po prostu wyrzucane, czy co\u015b z nimi robi.<\/p>\n<p>\n<i>Foxy<\/i><\/p>\n","protected":false},"excerpt":{"rendered":"<p>&nbsp;&nbsp;&nbsp;&nbsp;&nbsp;Nauczono mnie, \u017ce jedzenia wyrzuca\u0107 nie nale\u017cy i zgadzam si\u0119 z tym, wi\u0119c si\u0142\u0105 rzeczy kultywuj\u0119 ten pogl\u0105d i ucz\u0119 podobnie swoje dzieci. Jak\u017ce wi\u0119c k\u0142opotliwe sta\u0142o si\u0119 dla mnie popularne ostatnio danie podane na komunijnym przyj\u0119ciu: \u017curek w ma\u0142ym, okr\u0105g\u0142ym chlebku. Okaza\u0142o si\u0119 jednak, \u017ce konsternacja dotkn\u0119\u0142a nie tylko mnie, ale wi\u0119kszo\u015b\u0107 zgromadzonych na &hellip; <\/p>\n<p class=\"link-more\"><a href=\"http:\/\/www.erodzina.pl\/index.php\/2014\/07\/16\/savoir-vivre-klopotliwy-talerz-z-chleba\/\" class=\"more-link\">Czytaj dalej<span class=\"screen-reader-text\"> Savoir-vivre &#8211; k\u0142opotliwy talerz z chleba<\/span><\/a><\/p>\n","protected":false},"author":1,"featured_media":4916,"comment_status":"open","ping_status":"open","sticky":false,"template":"","format":"standard","meta":{"footnotes":""},"categories":[70,13],"tags":[198,242,1062],"class_list":["post-7225","post","type-post","status-publish","format-standard","has-post-thumbnail","hentry","category-felietony","category-foxy","tag-chleb-jako-naczynie","tag-czy-wypada-zjesc-chlebek-po-zurku","tag-talerz-z-chleba","entry"],"_links":{"self":[{"href":"http:\/\/www.erodzina.pl\/index.php\/wp-json\/wp\/v2\/posts\/7225","targetHints":{"allow":["GET"]}}],"collection":[{"href":"http:\/\/www.erodzina.pl\/index.php\/wp-json\/wp\/v2\/posts"}],"about":[{"href":"http:\/\/www.erodzina.pl\/index.php\/wp-json\/wp\/v2\/types\/post"}],"author":[{"embeddable":true,"href":"http:\/\/www.erodzina.pl\/index.php\/wp-json\/wp\/v2\/users\/1"}],"replies":[{"embeddable":true,"href":"http:\/\/www.erodzina.pl\/index.php\/wp-json\/wp\/v2\/comments?post=7225"}],"version-history":[{"count":0,"href":"http:\/\/www.erodzina.pl\/index.php\/wp-json\/wp\/v2\/posts\/7225\/revisions"}],"wp:featuredmedia":[{"embeddable":true,"href":"http:\/\/www.erodzina.pl\/index.php\/wp-json\/"}],"wp:attachment":[{"href":"http:\/\/www.erodzina.pl\/index.php\/wp-json\/wp\/v2\/media?parent=7225"}],"wp:term":[{"taxonomy":"category","embeddable":true,"href":"http:\/\/www.erodzina.pl\/index.php\/wp-json\/wp\/v2\/categories?post=7225"},{"taxonomy":"post_tag","embeddable":true,"href":"http:\/\/www.erodzina.pl\/index.php\/wp-json\/wp\/v2\/tags?post=7225"}],"curies":[{"name":"wp","href":"https:\/\/api.w.org\/{rel}","templated":true}]}}