{"id":739,"date":"2012-01-23T01:07:29","date_gmt":"2012-01-23T01:07:29","guid":{"rendered":"http:\/\/www.erodzina.eu\/?p=739"},"modified":"2012-01-23T01:07:29","modified_gmt":"2012-01-23T01:07:29","slug":"czas-na-piknik","status":"publish","type":"post","link":"http:\/\/www.erodzina.pl\/index.php\/2012\/01\/23\/czas-na-piknik\/","title":{"rendered":"Czas na piknik!"},"content":{"rendered":"<div align=\"justify\"><img loading=\"lazy\" decoding=\"async\" src=\"http:\/\/www.erodzina.eu\/wp-content\/uploads\/2012\/01\/piknik.jpg\" alt=\"\" title=\"piknik\" width=\"172\" height=\"155\" class=\"alignleft size-full wp-image-2081\" \/>&nbsp;&nbsp;&nbsp;&nbsp;&nbsp;Kiedy nadchodz\u0105 ciep\u0142e, s\u0142oneczne dni, bardzo ch\u0119tnie sp\u0119dzamy czas na \u015bwie\u017cym powietrzu, wybieramy si\u0119 na spacery, wycieczki lub po prostu organizujemy piknik.<br \/>\n&nbsp;&nbsp;&nbsp;&nbsp;&nbsp;Aby ten czas by\u0142 bezpieczny i w pe\u0142ni wykorzystany, przydadz\u0105 si\u0119 pewne gad\u017cety. Zabierzmy jednak tylko to, co rzeczywi\u015bcie nam si\u0119 przyda. W przeciwnym razie objuczymy si\u0119 jak osio\u0142ki i nim dotrzemy na miejsce, b\u0119dziemy zbyt zm\u0119czeni, by cieszy\u0107 si\u0119 pogod\u0105.<!--more--><br \/>\n<br \/>\n&nbsp;&nbsp;&nbsp;&nbsp;&nbsp;Kiedy mamy ju\u017c wybrane miejsce, zaczynamy pakowanie. Na pewno zabieramy du\u017cy koc. Warto tez pomy\u015ble\u0107 o jakim\u015b podk\u0142adzie, aby unikn\u0105\u0107 wilgoci i ch\u0142odu od ziemi. Je\u015bli piknikujemy cz\u0119sto, mo\u017cemy zaopatrzy\u0107 si\u0119 w koc termiczny.<br \/>\n<br \/><img loading=\"lazy\" decoding=\"async\" src=\"http:\/\/www.erodzina.eu\/wp-content\/uploads\/2012\/01\/piknikmon1.jpg\" alt=\"\" title=\"piknikmon1\" width=\"580\" height=\"402\" class=\"aligncenter size-full wp-image-2083\" srcset=\"http:\/\/www.erodzina.pl\/wp-content\/uploads\/2012\/01\/piknikmon1.jpg 580w, http:\/\/www.erodzina.pl\/wp-content\/uploads\/2012\/01\/piknikmon1-300x208.jpg 300w\" sizes=\"auto, (max-width: 580px) 100vw, 580px\" \/><br \/>\n&nbsp;&nbsp;&nbsp;&nbsp;&nbsp;Piknik nie mo\u017ce si\u0119 obej\u015b\u0107 bez kosza z \u0142akociami. Skorzystajmy z plastikowych czy tekturowych kubeczk\u00f3w i talerzyk\u00f3w. Koniecznie we\u017amy co\u015b do picia i to, co nasz maluch lubi zje\u015b\u0107, pami\u0119taj\u0105c o odpowiednim zabezpieczeniu po\u017cywienia. Je\u015bli chcemy raczy\u0107 si\u0119 lodami, potrzebna b\u0119dzie lod\u00f3wka turystyczna. Do kanapek, wystarcz\u0105  dost\u0119pne na rynku termoopakowania w r\u00f3\u017cnej formie, kt\u00f3re pozwalaj\u0105 utrzyma\u0107 temperatur\u0119 (ani nie grzej\u0105, ani nie ch\u0142odz\u0105). Ciep\u0142\u0105 wod\u0119, kt\u00f3ra przyda si\u0119 nam do zrobienia mleka lub herbatki, mo\u017cemy zabra\u0107 w termosie. Mamy wtedy pewno\u015b\u0107, \u017ce nie straci temperatury przez kilka godzin piknikowania. Na powietrzu wszystko smakuje lepiej, wi\u0119c dzieci mog\u0105 zaskoczy\u0107 nas wilczym apetytem.<br \/>\n<br \/>[smartads]<br \/>\n&nbsp;&nbsp;&nbsp;&nbsp;&nbsp;Dla maluszk\u00f3w konieczny b\u0119dzie zapas pieluszek i chusteczek nawil\u017canych. Chusteczki przydadz\u0105 si\u0119 nie tylko do przewijania. Gdy piknikujemy ze starszakiem, r\u00f3wnie\u017c warto je mie\u0107, \u017ceby w razie potrzeby przemy\u0107 r\u0119ce przed jedzeniem, czy buzi\u0119 umorusan\u0105 \u0142akociami. W ostatnim czasie popularne sta\u0142y si\u0119 \u017cele antybakteryjne, kt\u00f3rymi mo\u017cna \u0142atwo zdezynfekowa\u0107 r\u0119ce w warunkach plenerowych, w piaskownicy. Przydadz\u0105 si\u0119 tak\u017ce woreczki na zu\u017cyte pampersy. Zabierzmy mniejszy kocyk lub specjalne podk\u0142ady do przewijania, gdy maluch lubi robi\u0107 psikusy podczas zmiany pieluchy.<\/div>\n<p><!--nextpage--><\/p>\n<div align=\"justify\">&nbsp;&nbsp;&nbsp;&nbsp;&nbsp;Dziecko raczej d\u0142ugo nie b\u0119dzie  delektowa\u0142o si\u0119 pi\u0119knem przyrody, dlatego powinni\u015bmy zabra\u0107 ulubione zabawki, a najlepiej takie, kt\u00f3re sprzyjaj\u0105 wykorzystaniu przestrzeni \u2013 pi\u0142k\u0119, latawiec, sprz\u0119t do robienia baniek, balony itp.<br \/>\n&nbsp;&nbsp;&nbsp;&nbsp;&nbsp;Pogoda lubi p\u0142ata\u0107 figle, wi\u0119c nie zapominajmy o odpowiedniej odzie\u017cy w wersji na upa\u0142 i ch\u0142\u00f3d. W gor\u0105cy dzie\u0144, wa\u017cna jest ochrona dziecka przed s\u0142o\u0144cem. Koniecznie zapakujmy krem z filtrem i czapeczk\u0119, kt\u00f3ra ochroni g\u0142\u00f3wk\u0119 przed s\u0142o\u0144cem. Je\u015bli mamy tak\u0105 mo\u017cliwo\u015b\u0107, mo\u017cna zabra\u0107 r\u00f3wnie\u017c parasol lub namiocik, kt\u00f3ry da cie\u0144, gdy\u017c zwykle ci\u0119\u017cko o niego w miejscu na piknik (np. \u0142\u0105ka)  i wtedy maluszkowi grozi przegrzanie.<br \/>\n<img loading=\"lazy\" decoding=\"async\" src=\"http:\/\/www.erodzina.eu\/wp-content\/uploads\/2012\/01\/piknikmon.jpg\" alt=\"\" title=\"piknikmon\" width=\"580\" height=\"377\" class=\"aligncenter size-full wp-image-2085\" srcset=\"http:\/\/www.erodzina.pl\/wp-content\/uploads\/2012\/01\/piknikmon.jpg 580w, http:\/\/www.erodzina.pl\/wp-content\/uploads\/2012\/01\/piknikmon-300x195.jpg 300w\" sizes=\"auto, (max-width: 580px) 100vw, 580px\" \/><br \/>\n&nbsp;&nbsp;&nbsp;&nbsp;&nbsp;Je\u017celi wybieramy si\u0119 gdzie\u015b, gdzie mo\u017ce by\u0107 du\u017co owad\u00f3w, g\u0142\u00f3wnie uci\u0105\u017cliwych komar\u00f3w, koniecznie zabieramy preparat, kt\u00f3ry ochroni dziecko przed k\u0105saniem. W aptekach dost\u0119pne s\u0105 produkty ju\u017c dla najm\u0142odszych dzieci i warto si\u0119 w nie zaopatrzy\u0107. Mo\u017cna zabra\u0107 te\u017c moskitier\u0119, kt\u00f3r\u0105 zabezpiecza si\u0119  w\u00f3zek, kiedy maluszek smacznie \u015bpi.<br \/>\n&nbsp;&nbsp;&nbsp;&nbsp;&nbsp;Znacznie mniej pakowania czeka nas przed spacerem. Pami\u0119tamy wtedy o zabraniu picia, w ilo\u015bci odpowiedniej do czasu planowanego spaceru oraz zabezpieczeniu dziecka przed nadmiernym nas\u0142onecznieniem (czapeczka, parasolka do w\u00f3zka oraz krem z filtrem). Dodatkowo przydadz\u0105 si\u0119 pieluszki, podk\u0142ady do przewijania, chusteczki nawil\u017cane.<br \/>\n<br \/>[smartads]<br \/>\n&nbsp;&nbsp;&nbsp;&nbsp;&nbsp;Ka\u017cda mama wie, \u017ce nawet je\u015bli to tylko spacer, z maluszkiem zawsze to wielka wyprawa, ale zabieraj\u0105c niezb\u0119dne rzeczy, mo\u017cemy bez obaw sp\u0119dza\u0107 czas na powietrzu. Z ka\u017cdym kolejny spacerem, piknikiem, wycieczk\u0105 \u2013 jest \u0142atwiej. Wiemy, na co si\u0119 przygotowa\u0107, co mo\u017ce si\u0119 przytrafi\u0107 i nawet niespodzianki przestaj\u0105 zaskakiwa\u0107.<\/p>\n<p><em>Moni\u015b76<\/em><\/div>\n","protected":false},"excerpt":{"rendered":"<p>&nbsp;&nbsp;&nbsp;&nbsp;&nbsp;Kiedy nadchodz\u0105 ciep\u0142e, s\u0142oneczne dni, bardzo ch\u0119tnie sp\u0119dzamy czas na \u015bwie\u017cym powietrzu, wybieramy si\u0119 na spacery, wycieczki lub po prostu organizujemy piknik. &nbsp;&nbsp;&nbsp;&nbsp;&nbsp;Aby ten czas by\u0142 bezpieczny i w pe\u0142ni wykorzystany, przydadz\u0105 si\u0119 pewne gad\u017cety. Zabierzmy jednak tylko to, co rzeczywi\u015bcie nam si\u0119 przyda. W przeciwnym razie objuczymy si\u0119 jak osio\u0142ki i nim dotrzemy na &hellip; <\/p>\n<p class=\"link-more\"><a href=\"http:\/\/www.erodzina.pl\/index.php\/2012\/01\/23\/czas-na-piknik\/\" class=\"more-link\">Czytaj dalej<span class=\"screen-reader-text\"> Czas na piknik!<\/span><\/a><\/p>\n","protected":false},"author":1,"featured_media":0,"comment_status":"open","ping_status":"open","sticky":false,"template":"","format":"standard","meta":{"footnotes":""},"categories":[9,14],"tags":[238,747,1006,1175,1199,1201],"class_list":["post-739","post","type-post","status-publish","format-standard","hentry","category-dziecko","category-goscie","tag-czas-wolny","tag-piknik","tag-spacer","tag-wycieczka","tag-z-dzieckiem","tag-z-niemowleciem","entry"],"_links":{"self":[{"href":"http:\/\/www.erodzina.pl\/index.php\/wp-json\/wp\/v2\/posts\/739","targetHints":{"allow":["GET"]}}],"collection":[{"href":"http:\/\/www.erodzina.pl\/index.php\/wp-json\/wp\/v2\/posts"}],"about":[{"href":"http:\/\/www.erodzina.pl\/index.php\/wp-json\/wp\/v2\/types\/post"}],"author":[{"embeddable":true,"href":"http:\/\/www.erodzina.pl\/index.php\/wp-json\/wp\/v2\/users\/1"}],"replies":[{"embeddable":true,"href":"http:\/\/www.erodzina.pl\/index.php\/wp-json\/wp\/v2\/comments?post=739"}],"version-history":[{"count":0,"href":"http:\/\/www.erodzina.pl\/index.php\/wp-json\/wp\/v2\/posts\/739\/revisions"}],"wp:attachment":[{"href":"http:\/\/www.erodzina.pl\/index.php\/wp-json\/wp\/v2\/media?parent=739"}],"wp:term":[{"taxonomy":"category","embeddable":true,"href":"http:\/\/www.erodzina.pl\/index.php\/wp-json\/wp\/v2\/categories?post=739"},{"taxonomy":"post_tag","embeddable":true,"href":"http:\/\/www.erodzina.pl\/index.php\/wp-json\/wp\/v2\/tags?post=739"}],"curies":[{"name":"wp","href":"https:\/\/api.w.org\/{rel}","templated":true}]}}