{"id":7534,"date":"2014-10-19T16:29:19","date_gmt":"2014-10-19T16:29:19","guid":{"rendered":"http:\/\/www.erodzina.eu\/?p=7534"},"modified":"2014-10-19T16:29:19","modified_gmt":"2014-10-19T16:29:19","slug":"dziecko-u-ortodonty-jak-sie-przygotowac","status":"publish","type":"post","link":"http:\/\/www.erodzina.pl\/index.php\/2014\/10\/19\/dziecko-u-ortodonty-jak-sie-przygotowac\/","title":{"rendered":"Dziecko u ortodonty \u2013 jak si\u0119 przygotowa\u0107?"},"content":{"rendered":"<p><img loading=\"lazy\" decoding=\"async\" src=\"http:\/\/www.erodzina.eu\/wp-content\/uploads\/2012\/01\/u_dentysty-150x150.jpg\" alt=\"u_dentysty\" width=\"150\" height=\"150\" class=\"alignleft size-thumbnail wp-image-2557\" \/><\/p>\n<p align=\"justify\">&nbsp;&nbsp;&nbsp;&nbsp;&nbsp;Przychodzi taki czas, w kt\u00f3rym rodzicielsk\u0105 powinno\u015bci\u0105 jest zabra\u0107 nasze dziecko do ortodonty \u2013 albo na kontrol\u0119, zabieg, czy te\u017c po konkretne zalecenia. Ortodonta to zazwyczaj kto\u015b, kto kojarzy si\u0119 nam, a ju\u017c szczeg\u00f3lnie naszym dzieciom \u2013 z dentyst\u0105, co na pewno nie u\u0142atwi nam zaprowadzenia ich na takow\u0105 wizyt\u0119.<\/p>\n<p><!--more--><br \/>\n<br \/><strong>Jak wi\u0119c u\u0142atwi\u0107 naszym pociechom wizyt\u0119 u ortodonty?<\/strong><br \/>\nGabinet i jego otoczenie<\/p>\n<p align=\"justify\">&nbsp;&nbsp;&nbsp;&nbsp;&nbsp;Ortodonta dzieci\u0119cy, czy to w Poznaniu (na przyk\u0142ad taki jak gabinet <a target=\"_blank\" href=\"http:\/\/myortho.pl\/\" rel=\"noopener\">myOrtho<\/a>), czy innym mie\u015bcie, posiada przed swoim gabinetem stoliki, z kt\u00f3rych mo\u017ce korzysta\u0107 zar\u00f3wno pociecha jak i rodzic. Cz\u0119sto s\u0105 tam tak\u017ce gazety, zabawki, czy inne rzeczy, kt\u00f3re pomog\u0105 budowa\u0107 pozytywne skojarzenia gabinetem.<br \/>\n&nbsp;&nbsp;&nbsp;&nbsp;&nbsp;Na wszelki wypadek jednak, warto kupi\u0107 kilka gazet, kolorowych czasopism dla dzieci, aby mia\u0142y si\u0119 czym zaj\u0105\u0107 i nie denerwowa\u0142y si\u0119 podczas oczekiwania na wizyt\u0119.<\/p>\n<p>[smartads]<br \/>\nWizyta nie powinna kojarzy\u0107 si\u0119 z czym\u015b gro\u017anym<\/p>\n<p align=\"justify\">&nbsp;&nbsp;&nbsp;&nbsp;&nbsp;Jeszcze przed wyj\u015bciem z domu, a najlepiej wtedy, kiedy powiemy naszemu maluchowi, \u017ce ma uda\u0107 si\u0119 z nami do ortodonty, warto porozmawia\u0107 z m\u0142odym pacjentem. Nale\u017cy jasno przedstawi\u0107 sytuacj\u0119 i powiedzie\u0107, czego mo\u017ce si\u0119 spodziewa\u0107 u specjalisty. Pomocnym w tej sytuacji jest wyt\u0142umaczenie, \u017ce ortodonta ma na celu zbadanie z\u0105bk\u00f3w dziecka i ewentualne doradzenie, co zrobi\u0107, \u017ceby na przyk\u0142ad \u0142adnie si\u0119 u\u015bmiecha\u0142o, albo po prostu da porady na temat tego, jak powinno wygl\u0105da\u0107 poprawienie zgryzu, by dziecku lepiej si\u0119 jad\u0142o. Pierwsza wizyta, rzadko kiedy ko\u0144czy si\u0119 zabiegami i nie ma \u017cadnych realnych powod\u00f3w do niepokoju.<br \/>\n&nbsp;&nbsp;&nbsp;&nbsp;&nbsp;Samo okre\u015blenie \u201eaparat ortodontyczny\u201d mo\u017ce brzmie\u0107 gro\u017anie, dlatego, w sytuacji, gdy wiemy, \u017ce nasze dziecko b\u0119dzie musia\u0142o go nosi\u0107 przez pewien czas, wyja\u015bnijmy mu, na czym taki aparat polega i do czego s\u0142u\u017cy.<\/p>\n<p align=\"justify\">&nbsp;&nbsp;&nbsp;&nbsp;&nbsp;Pami\u0119tajmy \u2013 b\u0105d\u017amy cierpliwi i spokojnie odpowiedzmy na ka\u017cde pytanie, kt\u00f3re nasze dziecko nam zada, od tego mo\u017ce zale\u017ce\u0107 dobre podej\u015bcie do lekarza i na ka\u017cd\u0105 wizyt\u0119 nie b\u0119dzie trzeba malucha zmusza\u0107 do wizyty w gabinecie.<\/p>\n","protected":false},"excerpt":{"rendered":"<p>&nbsp;&nbsp;&nbsp;&nbsp;&nbsp;Przychodzi taki czas, w kt\u00f3rym rodzicielsk\u0105 powinno\u015bci\u0105 jest zabra\u0107 nasze dziecko do ortodonty \u2013 albo na kontrol\u0119, zabieg, czy te\u017c po konkretne zalecenia. Ortodonta to zazwyczaj kto\u015b, kto kojarzy si\u0119 nam, a ju\u017c szczeg\u00f3lnie naszym dzieciom \u2013 z dentyst\u0105, co na pewno nie u\u0142atwi nam zaprowadzenia ich na takow\u0105 wizyt\u0119.<\/p>\n","protected":false},"author":1,"featured_media":0,"comment_status":"open","ping_status":"open","sticky":false,"template":"","format":"standard","meta":{"footnotes":""},"categories":[2],"tags":[],"class_list":["post-7534","post","type-post","status-publish","format-standard","hentry","category-adv","entry"],"_links":{"self":[{"href":"http:\/\/www.erodzina.pl\/index.php\/wp-json\/wp\/v2\/posts\/7534","targetHints":{"allow":["GET"]}}],"collection":[{"href":"http:\/\/www.erodzina.pl\/index.php\/wp-json\/wp\/v2\/posts"}],"about":[{"href":"http:\/\/www.erodzina.pl\/index.php\/wp-json\/wp\/v2\/types\/post"}],"author":[{"embeddable":true,"href":"http:\/\/www.erodzina.pl\/index.php\/wp-json\/wp\/v2\/users\/1"}],"replies":[{"embeddable":true,"href":"http:\/\/www.erodzina.pl\/index.php\/wp-json\/wp\/v2\/comments?post=7534"}],"version-history":[{"count":0,"href":"http:\/\/www.erodzina.pl\/index.php\/wp-json\/wp\/v2\/posts\/7534\/revisions"}],"wp:attachment":[{"href":"http:\/\/www.erodzina.pl\/index.php\/wp-json\/wp\/v2\/media?parent=7534"}],"wp:term":[{"taxonomy":"category","embeddable":true,"href":"http:\/\/www.erodzina.pl\/index.php\/wp-json\/wp\/v2\/categories?post=7534"},{"taxonomy":"post_tag","embeddable":true,"href":"http:\/\/www.erodzina.pl\/index.php\/wp-json\/wp\/v2\/tags?post=7534"}],"curies":[{"name":"wp","href":"https:\/\/api.w.org\/{rel}","templated":true}]}}