{"id":754,"date":"2012-01-23T01:47:24","date_gmt":"2012-01-23T01:47:24","guid":{"rendered":"http:\/\/www.erodzina.eu\/?p=754"},"modified":"2012-01-23T01:47:24","modified_gmt":"2012-01-23T01:47:24","slug":"swiete-prawo-wlasnosci","status":"publish","type":"post","link":"http:\/\/www.erodzina.pl\/index.php\/2012\/01\/23\/swiete-prawo-wlasnosci\/","title":{"rendered":"\u015awi\u0119te prawo w\u0142asno\u015bci"},"content":{"rendered":"<div align=\"justify\"><img loading=\"lazy\" decoding=\"async\" src=\"http:\/\/www.erodzina.eu\/wp-content\/uploads\/2012\/01\/mateusz4.jpg\" alt=\"\" title=\"mateusz4\" width=\"130\" height=\"129\" class=\"alignleft size-full wp-image-1653\" \/>&nbsp;&nbsp;&nbsp;&nbsp;&nbsp;Jedn\u0105 z wa\u017cnych r\u00f3\u017cnic mi\u0119dzy systemem totalitarnym, w kt\u00f3rym \u017cyli\u015bmy przez jakie\u015b 45 lat, a systemem demokratycznym, uznaj\u0105cym prawa cz\u0142owieka i obywatela, jest szacunek dla w\u0142asno\u015bci.<br \/>\n&nbsp;&nbsp;&nbsp;&nbsp;&nbsp;Przez ostatnie dwadzie\u015bcia lat uczymy si\u0119, jak z tego prawa korzysta\u0107 i jak ono jest wa\u017cne. Cz\u0142owiek i jego w\u0142asno\u015b\u0107. Ja i m\u00f3j samoch\u00f3d. Ja i m\u00f3j dom. Ja i m\u00f3j pies&#8230; Ja i&#8230; moja osoba. Tak, doszli\u015bmy ju\u017c do tego, \u017ce stali\u015bmy si\u0119 w\u0142a\u015bcicielami samych siebie.<!--more--><br \/>\n&nbsp;&nbsp;&nbsp;&nbsp;&nbsp;W\u0142a\u015bciciel, to brzmi dumnie! Piszemy sobie na wizyt\u00f3wce naszej firmy &#8211; w\u0142a\u015bciciel. Nie pozwolimy, \u017ceby przez nasz\u0105 drog\u0119 przechodzi\u0142a kanalizacja s\u0105siada, bo jeste\u015bmy w\u0142a\u015bcicielem. Mo\u017cemy robi\u0107 ze swoimi rzeczami, co chcemy, bo jeste\u015bmy ich w\u0142a\u015bcicielem. W swoim domu, jako w\u0142a\u015bciciel, te\u017c b\u0119dziemy sami decydowa\u0107 o wszystkim. W\u0142a\u015bciciel&#8230; ile\u017c to praw wynika z tego jednego s\u0142owa. Ale&#8230; zaraz&#8230; Czy z w\u0142asno\u015bci wynikaj\u0105 tylko prawa?<\/p>\n<p style=\"text-align:center; color:#4B0082; font-size:15px; float:right; border-top:3px; clear:right; margin: 30px 30px 20px 20px;\">\n<b>Niestety, zdarza si\u0119,<br \/>\u017ce doro\u015bli uwa\u017caj\u0105 si\u0119<br \/>za w\u0142a\u015bcicieli swoich dzieci.<br \/>Dzieci nie s\u0105 r\u00f3wnym partnerem<br \/>i nie mog\u0105 si\u0119 broni\u0107.<\/b><\/p>\n<p>&nbsp;&nbsp;&nbsp;&nbsp;&nbsp;W\u0142a\u015bcicielka nie dopilnowa\u0142a psa, w efekcie czego pogryziona pi\u0119cioletnia dziewczynka w ci\u0119\u017ckim stanie trafi\u0142a szpitala. Przedstawiciele firmy \u2013 w\u0142a\u015bciciela hal targowych \u2013 stoj\u0105 przed s\u0105dem w zwi\u0105zku z katastrof\u0105 budowlan\u0105. W\u0142a\u015bciciel koni zosta\u0142 oskar\u017cony o zn\u0119canie si\u0119 nad zwierz\u0119tami, a zwierz\u0119ta zosta\u0142y zabrane do schroniska. W\u0142a\u015bciciel pojazdu mechanicznego zobowi\u0105zany jest do ubezpieczenia pojazdu od odpowiedzialno\u015bci cywilnej, \u017ceby umo\u017cliwi\u0107 naprawienie ewentualnych szk\u00f3d, powsta\u0142ych w wyniku poruszania si\u0119 tego pojazdu po drogach publicznych.<br \/>\n&nbsp;&nbsp;&nbsp;&nbsp;&nbsp;\u015awi\u0119te prawo w\u0142asno\u015bci jest nieodzownie zwi\u0105zane z odpowiedzialno\u015bci\u0105. I to nie z powodu czyjej\u015b fantazji \u2013 po prostu wolno\u015b\u0107 bez odpowiedzialno\u015bci bardzo szybko przeradza si\u0119 w zniewolenie. Jako nar\u00f3d jeste\u015bmy wolni ju\u017c od ponad 21 lat. Czyli wed\u0142ug wszystkich chyba system\u00f3w prawnych na \u015bwiecie, osi\u0105gn\u0119li\u015bmy ju\u017c pe\u0142noletnio\u015b\u0107. Czas zatem zauwa\u017cy\u0107 t\u0119 drug\u0105 stron\u0119 medalu. To, co dopuszczalne w okresie dorastania i dojrzewania, doros\u0142emu po prostu nie przystoi.<br \/>\n&nbsp;&nbsp;&nbsp;&nbsp;&nbsp;Cz\u0142owiek uwa\u017ca si\u0119 za w\u0142a\u015bciciela planety Ziemia. Coraz bardziej zauwa\u017camy, \u017ce musimy bardzo odpowiedzialnie eksploatowa\u0107 jej zasoby, aby nie zniszczy\u0107 \u015brodowiska, w kt\u00f3rym \u017cyjemy. Ale bardzo cz\u0119sto nie umiemy odpowiedzialnie eksploatowa\u0107 w\u0142asnych zasob\u00f3w. P\u00f3\u0142 biedy, je\u017celi to s\u0105 przedmioty czy urz\u0105dzenia, a nawet zwierz\u0119ta. Ale niekt\u00f3rzy przenosz\u0105 zasady w\u0142a\u015bcicielskie na swoich bliskich. Moja \u017cona, m\u00f3j m\u0105\u017c, moje dzieci \u2013 te okre\u015blenia przestaj\u0105 czasem oznacza\u0107 relacje mi\u0119dzyludzkie, a zaczynaj\u0105 si\u0119 wpisywa\u0107 w realia \u015bwi\u0119tego prawa w\u0142asno\u015bci.<br \/>\n<br \/>[smartads]<br \/>\n&nbsp;&nbsp;&nbsp;&nbsp;&nbsp;W\u0142a\u015bciciele swoich partner\u00f3w \u017cyciowych nie umiej\u0105 z nimi budowa\u0107 relacji. Mog\u0105 co najwy\u017cej \u017c\u0105da\u0107 od nich w\u0142a\u015bciwego zachowania, a jak co\u015b nie dzia\u0142a, wys\u0142a\u0107 ich do naprawy. Wszystko po to, \u017ceby dodawali im splendoru, wyr\u0119czali w codziennych obowi\u0105zkach, adorowali, zapewniali utrzymanie, dostarczali rozrywk\u0119&#8230; No c\u00f3\u017c, to zwyk\u0142e wykorzystywanie, ale je\u017celi odbywa si\u0119 mi\u0119dzy doros\u0142ymi lud\u017ami na zasadach wzajemno\u015bci, to nikomu nic do tego.<br \/>\n&nbsp;&nbsp;&nbsp;&nbsp;&nbsp;Niestety, zdarza si\u0119, \u017ce doro\u015bli uwa\u017caj\u0105 si\u0119 za w\u0142a\u015bcicieli swoich dzieci. Dzieci nie s\u0105 r\u00f3wnym partnerem i nie mog\u0105 si\u0119 broni\u0107. A poniewa\u017c w\u0142a\u015bcicielskie podej\u015bcie do ludzi, z za\u0142o\u017cenia jest chore, jest r\u00f3wnie\u017c pozbawione r\u00f3wnowagi w postaci odpowiedzialno\u015bci. Dzieci staj\u0105 si\u0119 domowym sprz\u0119tem jak kanapa, urz\u0105dzeniem do dostarczania przyjemno\u015bci jak telewizor, go\u0144cem do specjalnych zada\u0144 jak firma kurierska&#8230;<br \/>\n&nbsp;&nbsp;&nbsp;&nbsp;&nbsp;A kiedy dziecko staje si\u0119 sposobem, \u017ceby dokuczy\u0107 jego drugiemu rodzicowi? Czy w naszych rodzinach nie zdarza si\u0119 rozgrywanie rodzica dzie\u0107mi? Kogo kochasz bardziej? I ca\u0142e serie podobnych pyta\u0144. Prawdziwe rozgrywki zaczynaj\u0105 si\u0119 po rozstaniu rodzic\u00f3w. Powiedz tacie, \u017ce nie chcesz do niego jecha\u0107. Opowiedz, z kim si\u0119 mama spotyka. Czy mama kupowa\u0142a sobie nowe ciuchy? A tata to dok\u0105d chodzi z kolegami na piwo?<br \/>\n&nbsp;&nbsp;&nbsp;&nbsp;&nbsp;Od ponad dwudziestu lat uczymy si\u0119 prawa w\u0142asno\u015bci. Uczmy si\u0119 te\u017c jego immanentnej cechy \u2013 odpowiedzialno\u015bci. A w tym szczeg\u00f3lnym, rodzinnym okresie od 26 maja, przez 1 czerwca a\u017c do 23 czerwca pami\u0119tajmy, \u017ce nasi najbli\u017csi nigdy nie b\u0119d\u0105 nasz\u0105 w\u0142asno\u015bci\u0105. Musimy odpowiedzialnie budowa\u0107 z nimi prawdziwe relacje.<\/p>\n<p><em>Mateusz Kijowski<\/em><br \/>\n<br \/>\n<a href=\"http:\/\/www.nocotytato.org.pl\" rel=\"nofollow\"><img decoding=\"async\" src=\"http:\/\/www.erodzina.eu\/wp-content\/uploads\/2012\/01\/nocotytato_500x160.gif\" alt=\"\" title=\"nocotytato_500x160\" \/><\/a><\/div>\n","protected":false},"excerpt":{"rendered":"<p>&nbsp;&nbsp;&nbsp;&nbsp;&nbsp;Jedn\u0105 z wa\u017cnych r\u00f3\u017cnic mi\u0119dzy systemem totalitarnym, w kt\u00f3rym \u017cyli\u015bmy przez jakie\u015b 45 lat, a systemem demokratycznym, uznaj\u0105cym prawa cz\u0142owieka i obywatela, jest szacunek dla w\u0142asno\u015bci. &nbsp;&nbsp;&nbsp;&nbsp;&nbsp;Przez ostatnie dwadzie\u015bcia lat uczymy si\u0119, jak z tego prawa korzysta\u0107 i jak ono jest wa\u017cne. Cz\u0142owiek i jego w\u0142asno\u015b\u0107. Ja i m\u00f3j samoch\u00f3d. Ja i m\u00f3j dom. Ja &hellip; <\/p>\n<p class=\"link-more\"><a href=\"http:\/\/www.erodzina.pl\/index.php\/2012\/01\/23\/swiete-prawo-wlasnosci\/\" class=\"more-link\">Czytaj dalej<span class=\"screen-reader-text\"> \u015awi\u0119te prawo w\u0142asno\u015bci<\/span><\/a><\/p>\n","protected":false},"author":1,"featured_media":0,"comment_status":"open","ping_status":"open","sticky":false,"template":"","format":"standard","meta":{"footnotes":""},"categories":[70,14,40,44,54],"tags":[310,554,666,910,917],"class_list":["post-754","post","type-post","status-publish","format-standard","hentry","category-felietony","category-goscie","category-rodzina","category-tata-byc","category-zycie-wokol-nas","tag-dziecko-2","tag-malzenstwo","tag-odpowiedzialnosc","tag-relacje-rodzinne","tag-rodzina-2","entry"],"_links":{"self":[{"href":"http:\/\/www.erodzina.pl\/index.php\/wp-json\/wp\/v2\/posts\/754","targetHints":{"allow":["GET"]}}],"collection":[{"href":"http:\/\/www.erodzina.pl\/index.php\/wp-json\/wp\/v2\/posts"}],"about":[{"href":"http:\/\/www.erodzina.pl\/index.php\/wp-json\/wp\/v2\/types\/post"}],"author":[{"embeddable":true,"href":"http:\/\/www.erodzina.pl\/index.php\/wp-json\/wp\/v2\/users\/1"}],"replies":[{"embeddable":true,"href":"http:\/\/www.erodzina.pl\/index.php\/wp-json\/wp\/v2\/comments?post=754"}],"version-history":[{"count":0,"href":"http:\/\/www.erodzina.pl\/index.php\/wp-json\/wp\/v2\/posts\/754\/revisions"}],"wp:attachment":[{"href":"http:\/\/www.erodzina.pl\/index.php\/wp-json\/wp\/v2\/media?parent=754"}],"wp:term":[{"taxonomy":"category","embeddable":true,"href":"http:\/\/www.erodzina.pl\/index.php\/wp-json\/wp\/v2\/categories?post=754"},{"taxonomy":"post_tag","embeddable":true,"href":"http:\/\/www.erodzina.pl\/index.php\/wp-json\/wp\/v2\/tags?post=754"}],"curies":[{"name":"wp","href":"https:\/\/api.w.org\/{rel}","templated":true}]}}