{"id":7574,"date":"2015-01-14T09:42:47","date_gmt":"2015-01-14T09:42:47","guid":{"rendered":"http:\/\/www.erodzina.eu\/?p=7574"},"modified":"2015-01-14T09:42:47","modified_gmt":"2015-01-14T09:42:47","slug":"ulga-na-dzieci-jak-z-niej-skorzystac-i-co-sie-zmienilo-w-2015-roku","status":"publish","type":"post","link":"http:\/\/www.erodzina.pl\/index.php\/2015\/01\/14\/ulga-na-dzieci-jak-z-niej-skorzystac-i-co-sie-zmienilo-w-2015-roku\/","title":{"rendered":"Ulga na dzieci \u2013 jak z niej skorzysta\u0107 i co si\u0119 zmieni\u0142o w 2015 roku"},"content":{"rendered":"<p><img loading=\"lazy\" decoding=\"async\" src=\"http:\/\/www.erodzina.eu\/wp-content\/uploads\/2015\/01\/rodzina-150x150.jpg\" alt=\"rodzina\" width=\"150\" height=\"150\" class=\"alignleft size-thumbnail wp-image-7573\" \/><\/p>\n<p align=\"justify\">&nbsp;&nbsp;&nbsp;&nbsp;&nbsp;Ulga na dzieci, zwana te\u017c ulg\u0105 prorodzinn\u0105 pozwala na odliczenie od podatku ustalonych przepisami kwot, podczas rozliczania zeznania podatkowego. Podatnicy, kt\u00f3rzy wychowuj\u0105 tylko jedno dziecko, mog\u0105 skorzysta\u0107 z ulgi prorodzinnej, je\u015bli ich doch\u00f3d w ci\u0105gu roku wyni\u00f3s\u0142 nie wi\u0119cej ni\u017c 56 000 z\u0142. W przypadku ma\u0142\u017ce\u0144stw liczy si\u0119 suma ich dochod\u00f3w i pr\u00f3g wynosi 112 000 z\u0142.  Z odliczenia od podatku mog\u0105 skorzysta\u0107 tak\u017ce rodzice wychowuj\u0105cy pe\u0142noletnie dziecko, je\u017celi dziecko to wci\u0105\u017c uczy si\u0119 lub studiuje i nie przekroczy\u0142o 25. roku \u017cycia, lub je\u015bli pobiera zasi\u0142ek piel\u0119gnacyjny.<\/p>\n<p><!--more--><br \/>\n<b>Zmiany w 2015 roku<\/b><\/p>\n<p align=\"justify\">&nbsp;&nbsp;&nbsp;&nbsp;&nbsp;1 stycznia 2015 roku wprowadzone zosta\u0142y dwie korzystne zmiany w uldze na dzieci. Pierwsza z nich dotyczy kwot ulgi. Kwota ulgi za pierwsze i drugie dziecko nie uleg\u0142a zmianie, natomiast za trzecie i kolejne zosta\u0142a zwi\u0119kszona o 20%. Rodziny wielodzietne mog\u0105 mie\u0107 zatem powody do zadowolenia. Aktualne stawki ulgi znajdziesz na stronie <a href=\"http:\/\/rozliczeniepit.pl\/ulgi-i-odliczenia\/pit-ulga-dziecko-prorodzinna-20142015\/\" target=\"_blank\" rel=\"noopener\">rozliczeniepit.pl<\/a>.<\/p>\n<p>[smartads]<\/p>\n<p align=\"justify\">&nbsp;&nbsp;&nbsp;&nbsp;&nbsp;Druga zmiana dotyczy mo\u017cliwo\u015bci odliczenia wy\u017cszej kwoty ni\u017c podatek dochodowy. W poprzednich latach wielu rodzic\u00f3w nie mia\u0142o mo\u017cliwo\u015bci skorzystania z pe\u0142nej ustalonej przepisami kwoty, poniewa\u017c ustawa przewidywa\u0142a mo\u017cliwo\u015b\u0107 odliczenia maksymalnie tyle, ile wyni\u00f3s\u0142 podatek. Traci\u0142y na tym szczeg\u00f3lnie ubo\u017csze rodziny, kt\u00f3re ze wzgl\u0119du na nisk\u0105 wysoko\u015b\u0107 dochodu, uzyskiwa\u0142y tak\u017ce niski podatek od swoich dochod\u00f3w. W tym roku rodziny takie maj\u0105 mo\u017cliwo\u015b\u0107 wykorzystania ca\u0142ej kwoty ulgi. Wiele rodzin dzi\u0119ki temu uzyska nawet ponad 1000 z\u0142 wi\u0119cej ni\u017c rok temu.<\/p>\n<p><b>Jak skorzysta\u0107 z ulgi na dzieci<\/b><\/p>\n<p align=\"justify\">&nbsp;&nbsp;&nbsp;&nbsp;&nbsp;Ulg\u0119 na dzieci mog\u0105 odliczy\u0107 podatnicy rozliczaj\u0105cy si\u0119 na formularzu PIT-37 (umowa o prac\u0119, umowa zlecenie, umowa o dzie\u0142o) lub na PIT-36 (praca za granic\u0105, dzia\u0142alno\u015b\u0107 gospodarcza wed\u0142ug skali podatkowej). Opr\u00f3cz formularza PIT, nale\u017cy wype\u0142ni\u0107 za\u0142\u0105cznik PIT\/O, w kt\u00f3rym ulg\u0119 wykazuje si\u0119 w cz\u0119\u015bci \u201eOdliczenia od podatku\u201d. Osoby, kt\u00f3rych podatek jest ni\u017cszy od ulgi, musz\u0105 wype\u0142ni\u0107 r\u00f3wnie\u017c za\u0142\u0105cznik PIT\/UZ, w kt\u00f3rym nale\u017cy wykaza\u0107 r\u00f3\u017cnic\u0119 mi\u0119dzy ulg\u0105 a podatkiem. W rozliczeniu ulgi na dzieci pom\u00f3c mo\u017ce program do rozliczania PIT, kt\u00f3ry automatycznie obliczy podatek.<\/p>\n","protected":false},"excerpt":{"rendered":"<p>&nbsp;&nbsp;&nbsp;&nbsp;&nbsp;Ulga na dzieci, zwana te\u017c ulg\u0105 prorodzinn\u0105 pozwala na odliczenie od podatku ustalonych przepisami kwot, podczas rozliczania zeznania podatkowego. Podatnicy, kt\u00f3rzy wychowuj\u0105 tylko jedno dziecko, mog\u0105 skorzysta\u0107 z ulgi prorodzinnej, je\u015bli ich doch\u00f3d w ci\u0105gu roku wyni\u00f3s\u0142 nie wi\u0119cej ni\u017c 56 000 z\u0142. W przypadku ma\u0142\u017ce\u0144stw liczy si\u0119 suma ich dochod\u00f3w i pr\u00f3g wynosi 112 &hellip; <\/p>\n<p class=\"link-more\"><a href=\"http:\/\/www.erodzina.pl\/index.php\/2015\/01\/14\/ulga-na-dzieci-jak-z-niej-skorzystac-i-co-sie-zmienilo-w-2015-roku\/\" class=\"more-link\">Czytaj dalej<span class=\"screen-reader-text\"> Ulga na dzieci \u2013 jak z niej skorzysta\u0107 i co si\u0119 zmieni\u0142o w 2015 roku<\/span><\/a><\/p>\n","protected":false},"author":1,"featured_media":0,"comment_status":"open","ping_status":"open","sticky":false,"template":"","format":"standard","meta":{"footnotes":""},"categories":[2],"tags":[],"class_list":["post-7574","post","type-post","status-publish","format-standard","hentry","category-adv","entry"],"_links":{"self":[{"href":"http:\/\/www.erodzina.pl\/index.php\/wp-json\/wp\/v2\/posts\/7574","targetHints":{"allow":["GET"]}}],"collection":[{"href":"http:\/\/www.erodzina.pl\/index.php\/wp-json\/wp\/v2\/posts"}],"about":[{"href":"http:\/\/www.erodzina.pl\/index.php\/wp-json\/wp\/v2\/types\/post"}],"author":[{"embeddable":true,"href":"http:\/\/www.erodzina.pl\/index.php\/wp-json\/wp\/v2\/users\/1"}],"replies":[{"embeddable":true,"href":"http:\/\/www.erodzina.pl\/index.php\/wp-json\/wp\/v2\/comments?post=7574"}],"version-history":[{"count":0,"href":"http:\/\/www.erodzina.pl\/index.php\/wp-json\/wp\/v2\/posts\/7574\/revisions"}],"wp:attachment":[{"href":"http:\/\/www.erodzina.pl\/index.php\/wp-json\/wp\/v2\/media?parent=7574"}],"wp:term":[{"taxonomy":"category","embeddable":true,"href":"http:\/\/www.erodzina.pl\/index.php\/wp-json\/wp\/v2\/categories?post=7574"},{"taxonomy":"post_tag","embeddable":true,"href":"http:\/\/www.erodzina.pl\/index.php\/wp-json\/wp\/v2\/tags?post=7574"}],"curies":[{"name":"wp","href":"https:\/\/api.w.org\/{rel}","templated":true}]}}