{"id":829,"date":"2012-01-23T10:56:33","date_gmt":"2012-01-23T10:56:33","guid":{"rendered":"http:\/\/www.erodzina.eu\/?p=829"},"modified":"2012-01-23T10:56:33","modified_gmt":"2012-01-23T10:56:33","slug":"obowiazek-alimentacyjny","status":"publish","type":"post","link":"http:\/\/www.erodzina.pl\/index.php\/2012\/01\/23\/obowiazek-alimentacyjny\/","title":{"rendered":"Obowi\u0105zek alimentacyjny"},"content":{"rendered":"<div align=\"justify\"><img loading=\"lazy\" decoding=\"async\" src=\"http:\/\/www.erodzina.eu\/wp-content\/uploads\/2012\/01\/paragraf.jpg\" alt=\"\" title=\"paragraf\" width=\"180\" height=\"180\" class=\"alignleft size-full wp-image-2254\" srcset=\"http:\/\/www.erodzina.pl\/wp-content\/uploads\/2012\/01\/paragraf.jpg 180w, http:\/\/www.erodzina.pl\/wp-content\/uploads\/2012\/01\/paragraf-150x150.jpg 150w\" sizes=\"auto, (max-width: 180px) 100vw, 180px\" \/>&nbsp;&nbsp;&nbsp;&nbsp;&nbsp;Obowi\u0105zek alimentacyjny jest to obowi\u0105zek dostarczania \u015brodk\u00f3w utrzymania i wychowania. Artyku\u0142 128 Kodeksu Rodzinnego i Opieku\u0144czego (K.r.o.) stanowi, \u017ce obowi\u0105zek alimentacyjny obci\u0105\u017ca krewnych w linii prostej oraz rodze\u0144stwo. Za krewnych w linii prostej ustawa uwa\u017ca zst\u0119pnych i wst\u0119pnych. Zst\u0119pnym jest syn czy wnuk, za\u015b wst\u0119pnym ojciec i dziadek. Ze wzgl\u0119du na tematyk\u0119 Skarbu Matki, poza marginesem rozwa\u017ca\u0144 pozostawi\u0119 obowi\u0105zek alimentacyjny mi\u0119dzy rodze\u0144stwem i ogranicz\u0119 si\u0119 do obowi\u0105zku \u201erodzicielskiego\u201d.<!--more--><br \/>\n<\/p>\n<p style=\"text-align:center; color:#4B0082; font-size:15px; float:right; border-top:3px; clear:right; margin: 30px 30px 20px 20px;\">\n<b>Pozew sk\u0142ada si\u0119<br \/>do Wydzia\u0142u Rodzinnego<br \/>i Nieletnich S\u0105du Rejonowego<br \/>w\u0142a\u015bciwego ze wzgl\u0119du na<br \/>miejsce zamieszkania dziecka.<\/b><\/p>\n<p>&nbsp;&nbsp;&nbsp;&nbsp;&nbsp;Obowi\u0105zek alimentacyjny ma charakter bezwzgl\u0119dny, a zatem nie mo\u017cna si\u0119 go zrzec. Co wi\u0119cej &#8211; osoba uprawniona do otrzymywania aliment\u00f3w ma prawo dochodzi\u0107 na drodze s\u0105dowej aliment\u00f3w nawet w\u00f3wczas, gdy pozwany p\u0142aci\u0142 dotychczas alimenty dobrowolnie. Je\u015bli chodzi o wysoko\u015b\u0107 aliment\u00f3w, kt\u00f3rych mo\u017cna si\u0119 domaga\u0107,  to zale\u017cy ona z jednej strony od usprawiedliwionych potrzeb uprawnionego (dziecka), z drugiej za\u015b &#8211; od zarobkowych i maj\u0105tkowych mo\u017cliwo\u015bci zobowi\u0105zanego (rodzica, od kt\u00f3rego alimenty s\u0105 dochodzone).<br \/>\n&nbsp;&nbsp;&nbsp;&nbsp;&nbsp;Kodeksowego poj\u0119cia usprawiedliwionych potrzeb nie mo\u017cna jednoznacznie zdefiniowa\u0107, poniewa\u017c nie ma jednego sta\u0142ego kryterium odniesienia. Rodzaj i rozmiar tych potrzeb jest uzale\u017cniony od cech osoby uprawnionej oraz od splotu okoliczno\u015bci natury spo\u0142ecznej i gospodarczej, w kt\u00f3rych osoba uprawniona si\u0119 znajduje. Nie jest mo\u017cliwe ustalenie wyczerpuj\u0105cego katalogu usprawiedliwionych potrzeb podlegaj\u0105cych zaspokojeniu w ramach obowi\u0105zku alimentacyjnego i odr\u00f3\u017cnienie ich od tych, kt\u00f3re jako objaw zbytku lub z innych przyczyn nie powinny by\u0107 uwzgl\u0119dnione. W ka\u017cdym razie zakres obowi\u0105zku alimentacyjnego wyznacza\u0107 b\u0119d\u0105 poszczeg\u00f3lne sytuacje uprawnionego i zobowi\u0105zanego, konkretne warunki spo\u0142eczno-ekonomiczne oraz cele i funkcje obowi\u0105zku alimentacyjnego. Dopiero na tym tle b\u0119dzie mo\u017cna okre\u015bli\u0107 potrzeby \u017cyciowe &#8211; materialne i intelektualne uprawnionego.<br \/>\n&nbsp;&nbsp;&nbsp;&nbsp;&nbsp;Zakres potrzeb dziecka, kt\u00f3re powinny by\u0107 przez rodzic\u00f3w zaspokojone, wyznacza tre\u015b\u0107 art. 96 k.r.o., wed\u0142ug kt\u00f3rego rodzice obowi\u0105zani s\u0105 troszczy\u0107 si\u0119 o fizyczny i duchowy rozw\u00f3j dziecka i przygotowa\u0107 je nale\u017cycie &#8211; odpowiednio do jego uzdolnie\u0144 &#8211; do pracy dla dobra spo\u0142ecze\u0144stwa.<br \/>\n<br \/>[smartads]<br \/>\n&nbsp;&nbsp;&nbsp;&nbsp;&nbsp;Stosownie do powy\u017cszego, rodzice w zale\u017cno\u015bci od swych mo\u017cliwo\u015bci s\u0105 obowi\u0105zani zapewni\u0107 dziecku \u015brodki do zaspokojenia zar\u00f3wno jego potrzeb fizycznych (wy\u017cywienia, mieszkania, odzie\u017cy, higieny osobistej, leczenia w razie choroby), jak i duchowych (kulturalnych), tak\u017ce \u015brodki wychowania (kszta\u0142cenia og\u00f3lnego, zawodowego) wed\u0142ug zdolno\u015bci, dostarczania rozrywek i wypoczynku. Przy ocenie, kt\u00f3re z potrzeb uprawnionego powinny by\u0107 uznane za potrzeby usprawiedliwione, nale\u017cy z jednej strony bra\u0107 pod uwag\u0119 mo\u017cliwo\u015bci zobowi\u0105zanego, z drugiej za\u015b zakres i rodzaj potrzeb. B\u0119dzie to mie\u0107 wp\u0142yw na rozstrzygni\u0119cie, w jakiej mierze mo\u017cliwo\u015bci zarobkowe i maj\u0105tkowe zobowi\u0105zanego b\u0119d\u0105 wzi\u0119te pod uwag\u0119 przy oznaczaniu zakresu obowi\u0105zku alimentacyjnego. Zawsze jednak ka\u017cde dziecko musi mie\u0107 zapewnione podstawowe warunki egzystencji w postaci wy\u017cywienia zapewniaj\u0105cego jego prawid\u0142owy rozw\u00f3j fizyczny, stosown\u0105 do wieku odzie\u017c, \u015brodki na ochron\u0119 zdrowia, kszta\u0142cenie podstawowe i zawodowe oraz na ochron\u0119 jego osoby i maj\u0105tku. Wyj\u015bcie poza wymienione potrzeby zale\u017cy ju\u017c tylko od osobistych cech dziecka oraz od zamo\u017cno\u015bci i przyj\u0119tego przez zobowi\u0105zanego modelu konsumpcji.<\/div>\n<p><!--nextpage--><\/p>\n<div align=\"justify\">&nbsp;&nbsp;&nbsp;&nbsp;&nbsp;Zgodnie z utrwalon\u0105 w zasad\u0105 dzieci maj\u0105 prawo do r\u00f3wnej stopy \u017cyciowej z rodzicami i to zar\u00f3wno wtedy, gdy \u017cyj\u0105 z nimi wsp\u00f3lnie, jak i wtedy, gdy \u017cyj\u0105 oddzielnie. Oznacza to, \u017ce rodzice powinni zapewni\u0107 dziecku warunki materialne odpowiadaj\u0105ce tym, w jakich \u017cyj\u0105 sami.<br \/>\n<br \/>[smartads]<br \/>\n&nbsp;&nbsp;&nbsp;&nbsp;&nbsp;Rodzice nie mog\u0105 uchyli\u0107 si\u0119 od obowi\u0105zku alimentacyjnego na tej podstawie, \u017ce wykonywanie tego obowi\u0105zku stanowi\u0142oby dla nich nadmierny ci\u0119\u017car. S\u0105 obowi\u0105zani podzieli\u0107 si\u0119 z dzieckiem nawet najmniejszymi dochodami. W szczeg\u00f3lnych przypadkach, gdy sytuacja dziecka tego wymaga, rodzice maj\u0105 obowi\u0105zek wyzbywania si\u0119 posiadanego maj\u0105tku b\u0105d\u017a jego niekt\u00f3rych sk\u0142adnik\u00f3w, aby w ten spos\u00f3b podo\u0142a\u0107 ci\u0105\u017c\u0105cemu na nich obowi\u0105zkowi alimentacyjnemu, na przyk\u0142ad dla ratowania zdrowia dziecka. Podstaw\u0105 oddalenia pow\u00f3dztwa o zas\u0105dzenie aliment\u00f3w mo\u017ce by\u0107 tylko brak wszelkich mo\u017cliwo\u015bci po stronie zobowi\u0105zanego, nie za\u015b szczup\u0142o\u015b\u0107 \u015brodk\u00f3w, jakimi on rozporz\u0105dza.<br \/>\n<br \/><img loading=\"lazy\" decoding=\"async\" src=\"http:\/\/www.erodzina.eu\/wp-content\/uploads\/2012\/01\/alimenty2.jpg\" alt=\"\" title=\"alimenty2\" width=\"400\" height=\"255\" class=\"aligncenter size-full wp-image-2260\" srcset=\"http:\/\/www.erodzina.pl\/wp-content\/uploads\/2012\/01\/alimenty2.jpg 400w, http:\/\/www.erodzina.pl\/wp-content\/uploads\/2012\/01\/alimenty2-300x191.jpg 300w\" sizes=\"auto, (max-width: 400px) 100vw, 400px\" \/><br \/>\n&nbsp;&nbsp;&nbsp;&nbsp;&nbsp;Co istotne &#8211; przez ustawowe okre\u015blenie &#8222;mo\u017cliwo\u015bci zarobkowe i maj\u0105tkowe&#8221; rozumie\u0107 nale\u017cy nie tylko zarobki i dochody rzeczywi\u015bcie uzyskiwane ze swojego maj\u0105tku, lecz te zarobki i te dochody, kt\u00f3re osoba zobowi\u0105zana mo\u017ce i powinna uzyskiwa\u0107 przy do\u0142o\u017ceniu nale\u017cytej staranno\u015bci i przestrzeganiu zasad prawid\u0142owej gospodarki oraz stosownie do swoich si\u0142 umys\u0142owych i fizycznych. Mo\u017cliwo\u015bci zarobkowe zobowi\u0105zanego nie mog\u0105 by\u0107 zawsze uto\u017csamiane z faktycznie osi\u0105ganymi zarobkami. W przypadkach uzasadnionych obejmuj\u0105 one tak\u017ce wysoko\u015b\u0107 zarobk\u00f3w, kt\u00f3re zobowi\u0105zany jest w stanie uzyska\u0107, lecz nie osi\u0105ga ich z przyczyn niezas\u0142uguj\u0105cych na usprawiedliwienie. Chodzi tu o przypadki, w kt\u00f3rych osoba zobowi\u0105zana nie wykonuje wyuczonego i dobrze wynagradzanego zawodu, pracuje w niepe\u0142nym wymiarze godzin b\u0105d\u017a te\u017c pracuje dorywczo. Podstaw\u0105 oceny mo\u017cliwo\u015bci zarobkowych w odniesieniu do pracownika b\u0119dzie zar\u00f3wno jego sta\u0142e wynagrodzenie, obejmuj\u0105ce wynagrodzenie zasadnicze, premie i dodatki, jak i \u015bwiadczenia w naturze stanowi\u0105ce uzupe\u0142nienie wynagrodzenia (deputaty) oraz \u015bwiadczenia i wyp\u0142aty przypadaj\u0105ce pracownikowi lub cz\u0142onkom jego rodziny z r\u00f3\u017cnych tytu\u0142\u00f3w w zwi\u0105zku z zatrudnieniem.<br \/>\n&nbsp;&nbsp;&nbsp;&nbsp;&nbsp;Jak wygl\u0105da dochodzenie aliment\u00f3w w praktyce? Ot\u00f3\u017c pozew sk\u0142ada si\u0119 do Wydzia\u0142u Rodzinnego i Nieletnich S\u0105du Rejonowego w\u0142a\u015bciwego ze wzgl\u0119du na miejsce zamieszkania dziecka. Przyk\u0142adowo \u2013 dziecko wraz z matk\u0105 zamieszkuj\u0105 w Koszalinie, a ojciec dziecka w Warszawie, matka sk\u0142ada pozew do S\u0105du Rejonowego w Koszalinie. W imieniu ma\u0142oletniego dziecka pozew sk\u0142ada rodzic wykonuj\u0105cy w\u0142adz\u0119 rodzicielsk\u0105, tj. sprawuj\u0105cy faktyczn\u0105 piecz\u0119 nad dzieckiem. W pozwie nale\u017cy wskaza\u0107 wysoko\u015b\u0107 \u017c\u0105dania oraz j\u0105 nale\u017cycie uzasadni\u0107. Do pozwu nale\u017cy do\u0142\u0105czy\u0107 odpis aktu urodzenia dziecka oraz w miar\u0119 mo\u017cliwo\u015bci \u2013 dowody \u015bwiadcz\u0105ce o kosztach utrzymania dziecka, dochodach obojga rodzic\u00f3w, sytuacji zdrowotnej dziecka, a w miar\u0119 potrzeby innych okoliczno\u015bciach istotnych w ocenie rodzica. Pozew o ustalenie aliment\u00f3w oraz o ich podwy\u017cszenie jest wolny od op\u0142at s\u0105dowych. Sk\u0142ada si\u0119 go w dw\u00f3ch jednobrzmi\u0105cych egzemplarzach wraz z za\u0142\u0105cznikami.<\/div>\n<p><!--nextpage--><\/p>\n<div align=\"justify\">&nbsp;&nbsp;&nbsp;&nbsp;&nbsp;Jakkolwiek fachowa pomoc adwokata czy radcy prawnego w trakcie procesu znacznie u\u0142atwia spraw\u0119, to w post\u0119powaniach alimentacyjnych nie jest ona niezb\u0119dna, albowiem nie s\u0105 to szczeg\u00f3lnie zawi\u0142e sprawy wymagaj\u0105ce szczeg\u00f3\u0142owej wiedzy prawniczej. Nale\u017cy jednak pami\u0119ta\u0107, \u017ce o przyznanie adwokata\/radcy prawnego z urz\u0119du zawsze mo\u017cna domaga\u0107 si\u0119 od S\u0105du, przed kt\u00f3rym wytaczamy pow\u00f3dztwo, je\u015bli wyka\u017cemy, \u017ce ze wzgl\u0119du na sytuacj\u0119 finansow\u0105 nie jeste\u015bmy w stanie na w\u0142asn\u0105 r\u0119k\u0119 zleci\u0107 prowadzenia sprawy fachowcowi.<br \/>\n<br \/><img loading=\"lazy\" decoding=\"async\" src=\"http:\/\/www.erodzina.eu\/wp-content\/uploads\/2012\/01\/alimenty1.jpg\" alt=\"\" title=\"alimenty1\" width=\"500\" height=\"332\" class=\"aligncenter size-full wp-image-2259\" srcset=\"http:\/\/www.erodzina.pl\/wp-content\/uploads\/2012\/01\/alimenty1.jpg 500w, http:\/\/www.erodzina.pl\/wp-content\/uploads\/2012\/01\/alimenty1-300x199.jpg 300w\" sizes=\"auto, (max-width: 500px) 100vw, 500px\" \/><br \/>\n&nbsp;&nbsp;&nbsp;&nbsp;&nbsp;Nale\u017cy pami\u0119ta\u0107, \u017ce w Polsce obowi\u0105zuje zasada dwuinstancyjno\u015bci s\u0105downictwa. A zatem strona niezadowolona z rozstrzygni\u0119cia s\u0105du pierwszej instancji mo\u017ce z\u0142o\u017cy\u0107 apelacj\u0119 do s\u0105du drugiej instancji. O prawie tym S\u0105d Rejonowy poucza strony bezpo\u015brednio po og\u0142oszeniu wyroku.<br \/>\n<br \/>[smartads]<br \/>\n&nbsp;&nbsp;&nbsp;&nbsp;&nbsp;I jeszcze istotna praktyczna uwaga dotycz\u0105ca og\u00f3\u0142u post\u0119powa\u0144 s\u0105dowych \u2013 wiele os\u00f3b obawia si\u0119 wszelkiej s\u0105dowej korespondencji i po prostu jej nie odbiera z poczty, spodziewaj\u0105c si\u0119, \u017ce w ten spos\u00f3b unikn\u0105 k\u0142opot\u00f3w. Ot\u00f3\u017c jest wr\u0119cz przeciwnie. Listonosz dor\u0119czaj\u0105cy korespondencj\u0119 z s\u0105du, kt\u00f3ry nie zastanie adresata, zostawia awizo. Je\u015bli przesy\u0142ka nie zostanie podj\u0119ta z urz\u0119du pocztowego w terminie 7 dni, awizo jest ponawiane. Up\u0142yw kolejnych 7 dni bez podj\u0119cia listu z poczty sprawia, \u017ce korespondencja zwracana jest do s\u0105du z adnotacj\u0105 tzw. \u201enie podj\u0119to w terminie\u201d. Taka informacja sprawia, \u017ce s\u0105d potraktuje przesy\u0142k\u0119 jako prawid\u0142owo dor\u0119czon\u0105. Nie b\u0119dzie na tym etapie wnika\u0142 w przyczyny niepodj\u0119cia listu, tylko rozpocznie rozpoznawanie sprawy i b\u0119dzie m\u00f3g\u0142 wyda\u0107 wyrok uznaj\u0105c, \u017ce strona z w\u0142asnej winy czy opiesza\u0142o\u015bci zaniedba\u0142a obrony swoich praw. Mo\u017ce zatem zaistnie\u0107 sytuacja, \u017ce nieodebranie korespondencji z s\u0105du doprowadzi do tego, \u017ce bez wiedzy strony przeprowadzone zostanie przeciwko niej post\u0119powanie, wydany zostanie wyrok, kt\u00f3ry si\u0119 nast\u0119pnie uprawomocni, co przekre\u015bli, a w ka\u017cdym razie znacznie utrudni, mo\u017cliwo\u015b\u0107 wzruszenia go. Reasumuj\u0105c \u2013 jakikolwiek l\u0119k poczujemy, widz\u0105c list z s\u0105du czy innego urz\u0119du (powy\u017cszy schemat dor\u0119cze\u0144 dotyczy tak\u017ce innych post\u0119powa\u0144, nie tylko s\u0105dowych), bezwzgl\u0119dnie nale\u017cy go odebra\u0107. Tylko bowiem wiedza o tocz\u0105cym si\u0119 post\u0119powaniu umo\u017cliwi skuteczne podj\u0119cie obrony swoich praw!<\/p>\n<p><em>_a_n_i_a_<\/em><\/p>\n<p><font size=\"1\">Bibliografia:<br \/>\nKomentarz do ustawy z dnia 25 lutego 1964 r. Kodeks rodzinny i opieku\u0144czy (Dz.U.64.9.59), [w:] Z. Krzemi\u0144ski, Alimenty i ojcostwo. Praktyczny komentarz. Orzecznictwo. Pi\u015bmiennictwo. Wzory pism, Zakamycze 2006, wyd. II.<br \/>\nStan prawny: 2006.06.01<\/font><\/div>\n","protected":false},"excerpt":{"rendered":"<p>&nbsp;&nbsp;&nbsp;&nbsp;&nbsp;Obowi\u0105zek alimentacyjny jest to obowi\u0105zek dostarczania \u015brodk\u00f3w utrzymania i wychowania. Artyku\u0142 128 Kodeksu Rodzinnego i Opieku\u0144czego (K.r.o.) stanowi, \u017ce obowi\u0105zek alimentacyjny obci\u0105\u017ca krewnych w linii prostej oraz rodze\u0144stwo. Za krewnych w linii prostej ustawa uwa\u017ca zst\u0119pnych i wst\u0119pnych. Zst\u0119pnym jest syn czy wnuk, za\u015b wst\u0119pnym ojciec i dziadek. Ze wzgl\u0119du na tematyk\u0119 Skarbu Matki, poza &hellip; <\/p>\n<p class=\"link-more\"><a href=\"http:\/\/www.erodzina.pl\/index.php\/2012\/01\/23\/obowiazek-alimentacyjny\/\" class=\"more-link\">Czytaj dalej<span class=\"screen-reader-text\"> Obowi\u0105zek alimentacyjny<\/span><\/a><\/p>\n","protected":false},"author":1,"featured_media":0,"comment_status":"open","ping_status":"open","sticky":false,"template":"","format":"standard","meta":{"footnotes":""},"categories":[55,40,42],"tags":[115,680,929],"class_list":["post-829","post","type-post","status-publish","format-standard","hentry","category-a-n-i-a","category-rodzina","category-rozwod-rodzina","tag-alimenty","tag-opieka-nad-dzieckiem","tag-rozwod","entry"],"_links":{"self":[{"href":"http:\/\/www.erodzina.pl\/index.php\/wp-json\/wp\/v2\/posts\/829","targetHints":{"allow":["GET"]}}],"collection":[{"href":"http:\/\/www.erodzina.pl\/index.php\/wp-json\/wp\/v2\/posts"}],"about":[{"href":"http:\/\/www.erodzina.pl\/index.php\/wp-json\/wp\/v2\/types\/post"}],"author":[{"embeddable":true,"href":"http:\/\/www.erodzina.pl\/index.php\/wp-json\/wp\/v2\/users\/1"}],"replies":[{"embeddable":true,"href":"http:\/\/www.erodzina.pl\/index.php\/wp-json\/wp\/v2\/comments?post=829"}],"version-history":[{"count":0,"href":"http:\/\/www.erodzina.pl\/index.php\/wp-json\/wp\/v2\/posts\/829\/revisions"}],"wp:attachment":[{"href":"http:\/\/www.erodzina.pl\/index.php\/wp-json\/wp\/v2\/media?parent=829"}],"wp:term":[{"taxonomy":"category","embeddable":true,"href":"http:\/\/www.erodzina.pl\/index.php\/wp-json\/wp\/v2\/categories?post=829"},{"taxonomy":"post_tag","embeddable":true,"href":"http:\/\/www.erodzina.pl\/index.php\/wp-json\/wp\/v2\/tags?post=829"}],"curies":[{"name":"wp","href":"https:\/\/api.w.org\/{rel}","templated":true}]}}