{"id":864,"date":"2012-01-25T02:50:39","date_gmt":"2012-01-25T02:50:39","guid":{"rendered":"http:\/\/www.erodzina.eu\/?p=864"},"modified":"2012-01-25T02:50:39","modified_gmt":"2012-01-25T02:50:39","slug":"z-dzieckiem-do-dentysty","status":"publish","type":"post","link":"http:\/\/www.erodzina.pl\/index.php\/2012\/01\/25\/z-dzieckiem-do-dentysty\/","title":{"rendered":"Z dzieckiem do dentysty"},"content":{"rendered":"<div align=\"justify\"><img loading=\"lazy\" decoding=\"async\" src=\"http:\/\/www.erodzina.eu\/wp-content\/uploads\/2012\/01\/malazeby.jpg\" alt=\"\" title=\"malazeby\" width=\"170\" height=\"180\" class=\"alignleft size-full wp-image-2555\" \/>&nbsp;&nbsp;&nbsp;&nbsp;&nbsp;Piel\u0119gnacja z\u0119b\u00f3w niemowl\u0119cia i ma\u0142ego dziecka stanowi dla rodzic\u00f3w niema\u0142y problem. Zadaj\u0105 sobie pytanie, kiedy zacz\u0105\u0107 o nie dba\u0107, czy szorowa\u0107 pierwszy z\u0105b szczotk\u0105 z past\u0105, czy zostawi\u0107 go samemu sobie, niechaj ro\u015bnie. Sen z powiek (w przeno\u015bni i dos\u0142ownie) sp\u0119dza im r\u00f3wnie\u017c samo z\u0105bkowanie. Czy nie za wcze\u015bnie, czy nie za p\u00f3\u017ano, pocz\u0105wszy od g\u00f3rnych jedynek czy dolnych dw\u00f3jek?<br \/>\n&nbsp;&nbsp;&nbsp;&nbsp;&nbsp;O rozwianie kilku podstawowych w\u0105tpliwo\u015bci poprosili\u015bmy stomatolog Dorot\u0119 Skowro\u0144sk\u0105.<!--more--><br \/>\n<\/p>\n<p style=\"text-align:center; color:#4B0082; font-size:15px; float:right; border-top:3px; clear:right; margin: 30px 30px 20px 20px;\">\n<b>Leczeniem z\u0119b\u00f3w mlecznych<br \/>zajmuj\u0105 si\u0119 stomatolodzy<br \/>dzieci\u0119cy &#8211; pedodonci.<br \/>Budowa z\u0119b\u00f3w u dziecka<br \/>jest inna ni\u017c z\u0119b\u00f3w<br \/>u doros\u0142ych, wymaga<br \/>u\u017cycia innych materia\u0142\u00f3w<br \/>i cz\u0119sto zastosowania<br \/>innych procedur.<\/b><\/p>\n<ul>\n&nbsp;&nbsp;&nbsp;&nbsp;&nbsp;<strong><i>\u201dW okolicach roku dziecko powinno mie\u0107 ju\u017c pierwsze z\u0119by. Natomiast kolejno\u015b\u0107 z\u0105bkowania nie musi by\u0107 zgodna z kalendarzem, kt\u00f3ry jest opracowany na podstawie najcz\u0119\u015bciej wyst\u0119puj\u0105cej. Inna kolejno\u015b\u0107 nie jest nieprawid\u0142owo\u015bci\u0105 i nie nale\u017cy si\u0119 ni\u0105 niepokoi\u0107.\u201d<\/i><\/strong><\/ul>\n<p>&nbsp;&nbsp;&nbsp;&nbsp;&nbsp;Z\u0105bkowaniem nie nale\u017cy si\u0119 wi\u0119c przejmowa\u0107 w nadmiarze. Wystarczaj\u0105cym k\u0142opotem i udr\u0119k\u0105 dla dziecka jest jego bolesno\u015b\u0107. Nale\u017cy si\u0119 skupi\u0107 na przynoszeniu dziecku ulgi, nie za\u015b na tym, by z\u0105bki pojawia\u0142y si\u0119 po kolei. P\u00f3\u017ane z\u0105bkowanie mo\u017ce mie\u0107 zwi\u0105zek z niedoborem witaminy D3. Je\u015bli jednak nie idzie w parze z innymi objawami niedoboru, a z\u0105bk\u00f3w po roku ni widu ni s\u0142ychu, nale\u017cy skonsultowa\u0107 si\u0119 z lekarzem, poniewa\u017c zaburzenie to mo\u017ce mie\u0107 mn\u00f3stwo innych przyczyn, cz\u0119sto zwi\u0105zanych z innymi zaburzeniami w przebiegu chor\u00f3b genetycznych.<br \/>\n&nbsp;&nbsp;&nbsp;&nbsp;&nbsp;A kiedy nale\u017cy wybra\u0107 si\u0119 z dzieckiem do stomatologa? Obiegowa opinia g\u0142osi, \u017ce nale\u017cy to zrobi\u0107, gdy pojawi\u0105 si\u0119 pierwsze z\u0119by, inna \u2013 r\u00f3wnie obiegowa \u2013 \u017ce to wcale nie jest konieczne.<\/p>\n<ul>\n&nbsp;&nbsp;&nbsp;&nbsp;&nbsp;<strong><i> \u201ePierwsz\u0105 opiek\u0119 stomatologiczn\u0105 powinien sprawowa\u0107 lekarz pierwszego kontaktu i to on powinien poinformowa\u0107 rodzic\u00f3w o potrzebie wizyty u stomatologa. Bardzo cz\u0119sto tak si\u0119 jednak nie dzieje. Dlatego te\u017c dobrze jest, je\u015bli rodzice zainteresuj\u0105 si\u0119 uz\u0119bieniem swojego dziecka i  je\u015bli nie widz\u0105 \u017cadnych nieprawid\u0142owo\u015bci, mog\u0105 pojawi\u0107 si\u0119 w gabinecie stomatologicznym w okolicach 2 r.\u017c. dziecka.<br \/>\n&nbsp;&nbsp;&nbsp;&nbsp;&nbsp;Pierwsza wizyta, to wizyta adaptacyjna, kt\u00f3ra polega na oswojeniu dziecka z gabinetem i zwyczajami w nim panuj\u0105cymi. Niewskazane jest, by podczas pierwszej wizyty w gabinecie by\u0142 wykonywany nieprzyjemny czy bolesny zabieg.\u201d<\/i><\/strong><\/ul>\n<p><img loading=\"lazy\" decoding=\"async\" src=\"http:\/\/www.erodzina.eu\/wp-content\/uploads\/2012\/01\/u_dentysty.jpg\" alt=\"\" title=\"u_dentysty\" width=\"450\" height=\"338\" class=\"aligncenter size-full wp-image-2557\" srcset=\"http:\/\/www.erodzina.pl\/wp-content\/uploads\/2012\/01\/u_dentysty.jpg 450w, http:\/\/www.erodzina.pl\/wp-content\/uploads\/2012\/01\/u_dentysty-300x225.jpg 300w\" sizes=\"auto, (max-width: 450px) 100vw, 450px\" \/><br \/>\n&nbsp;&nbsp;&nbsp;&nbsp;&nbsp;Nie jest tajemnic\u0105, \u017ce cz\u0142owiek bardziej boi si\u0119 nieznanego. Dlatego warto dziecko uprzedzi\u0107 o wizycie u stomatologa, opowiedzie\u0107, czego si\u0119 mo\u017ce tam spodziewa\u0107, ile b\u0119dzie trwa\u0142a wizyta i po co ona w og\u00f3le jest. Mo\u017cna pokusi\u0107 si\u0119 o odnalezienie w sieci stosownych zdj\u0119\u0107 lub filmik\u00f3w. Mo\u017cna dosta\u0107 r\u00f3wnie\u017c zabawki, kt\u00f3re pozwalaj\u0105 dziecku wcieli\u0107 si\u0119 w rol\u0119 dentysty i zapozna\u0107 si\u0119 z narz\u0119dziami, kt\u00f3re u\u017cyte b\u0119d\u0105 w gabinecie.<br \/>\n&nbsp;&nbsp;&nbsp;&nbsp;&nbsp;Lepiej zapobiega\u0107 ni\u017c leczy\u0107. Zmniejszaj\u0105c ryzyko pojawienia si\u0119 pr\u00f3chnicy na mleczakach, oszcz\u0119dzimy dziecku b\u00f3lu, kt\u00f3ry mo\u017ce pojawi\u0107 si\u0119, gdy mleczak si\u0119 zepsuje, gdy trzeba b\u0119dzie z\u0105b wyrwa\u0107.<\/p>\n<ul>\n&nbsp;&nbsp;&nbsp;&nbsp;&nbsp;<strong><i> \u201eIstnieje ca\u0142a gama zabieg\u00f3w profilaktycznych, stomatologicznych, kt\u00f3re mo\u017cna, a nawet nale\u017cy wykonywa\u0107 na z\u0119bach zdrowych. S\u0105 to zabiegi to wykonywania w domu, we w\u0142asnym zakresie, albo w gabinecie. Rodzaj zabiegu zale\u017cy od wieku dziecka. Jest to np. profilaktyczne lakierowanie z\u0119b\u00f3w preparatem Fluor-Protector.\u201d<\/i><\/strong>\n<\/ul>\n<p>[smartads]<br \/>\n&nbsp;&nbsp;&nbsp;&nbsp;&nbsp;Kolejny mit dotyczy leczenia z\u0119b\u00f3w mlecznych. Wiadomo przecie\u017c, \u017ce to garnitur tymczasowy. Mleczaki wypadn\u0105, w ich miejsce pojawi\u0105 si\u0119 nowe, wi\u0119c po co zawraca\u0107 sobie g\u0142ow\u0119 leczeniem? Ot\u00f3\u017c s\u0105 powody, by o z\u0119by mleczne dba\u0107.<\/p>\n<ul>\n&nbsp;&nbsp;&nbsp;&nbsp;&nbsp;<strong><i> \u201eNieleczone z\u0119by mleczne s\u0105 \u017ar\u00f3d\u0142em zaka\u017cenia dla sta\u0142ych z\u0119b\u00f3w, kt\u00f3re pojawiaj\u0105 si\u0119 ju\u017c w 5-6. roku \u017cycia dziecka. Nie leczenie z\u0119b\u00f3w mlecznych mo\u017ce tak\u017ce prowadzi\u0107 do powa\u017cnych powik\u0142a\u0144 w postaci ropni oko\u0142owierzcho\u0142kowych, wymagaj\u0105cych leczenia antybiotykami i ekstrakcji z\u0119b\u00f3w mlecznych.\u201d<\/i><\/strong><\/ul>\n<p>&nbsp;&nbsp;&nbsp;&nbsp;&nbsp;A zatem do kogo uda\u0107 si\u0119 z nasz\u0105 pociech\u0105?<\/p>\n<ul>\n&nbsp;&nbsp;&nbsp;&nbsp;&nbsp;<strong><i> \u201eWsp\u00f3\u0142czesna stomatologia obejmuje szereg specjalno\u015bci. Leczeniem z\u0119b\u00f3w mlecznych zajmuj\u0105 si\u0119 stomatolodzy dzieci\u0119cy &#8211; pedodonci. Budowa z\u0119b\u00f3w u dziecka jest inna ni\u017c z\u0119b\u00f3w u doros\u0142ych, wymaga u\u017cycia innych materia\u0142\u00f3w i cz\u0119sto zastosowania innych procedur. Ze wzgl\u0119du na psychik\u0119 dziecka, bardzo dobrze jest, je\u015bli gabinet nie wygl\u0105da jak sala operacyjna tylko jak miejsce, w kt\u00f3rym poczuje si\u0119 komfortowo. W swoim gabinecie urz\u0105dzi\u0142am k\u0105cik dzieci\u0119cy, w kt\u00f3rym s\u0105 zabawki, ksi\u0105\u017cki i zdj\u0119cia najlepszych, m\u0142odych pacjent\u00f3w. Ka\u017cde dziecko po wizycie wychodzi tak\u017ce z naklejk\u0105 &#8222;dzielny pacjent&#8221; lub dostaje inne nagrody.\u201d<\/i><\/strong><\/ul>\n<p><i>lek. stom. Dorota Skowro\u0144ska<br \/>\nEl\u017cbieta Haque<\/i><\/div>\n","protected":false},"excerpt":{"rendered":"<p>&nbsp;&nbsp;&nbsp;&nbsp;&nbsp;Piel\u0119gnacja z\u0119b\u00f3w niemowl\u0119cia i ma\u0142ego dziecka stanowi dla rodzic\u00f3w niema\u0142y problem. Zadaj\u0105 sobie pytanie, kiedy zacz\u0105\u0107 o nie dba\u0107, czy szorowa\u0107 pierwszy z\u0105b szczotk\u0105 z past\u0105, czy zostawi\u0107 go samemu sobie, niechaj ro\u015bnie. Sen z powiek (w przeno\u015bni i dos\u0142ownie) sp\u0119dza im r\u00f3wnie\u017c samo z\u0105bkowanie. Czy nie za wcze\u015bnie, czy nie za p\u00f3\u017ano, pocz\u0105wszy od &hellip; <\/p>\n<p class=\"link-more\"><a href=\"http:\/\/www.erodzina.pl\/index.php\/2012\/01\/25\/z-dzieckiem-do-dentysty\/\" class=\"more-link\">Czytaj dalej<span class=\"screen-reader-text\"> Z dzieckiem do dentysty<\/span><\/a><\/p>\n","protected":false},"author":1,"featured_media":0,"comment_status":"open","ping_status":"open","sticky":false,"template":"","format":"standard","meta":{"footnotes":""},"categories":[9,11,28,31,37,52],"tags":[257,315,358,519,839,1017,1264],"class_list":["post-864","post","type-post","status-publish","format-standard","hentry","category-dziecko","category-elzbieta-haque","category-maluch","category-niemowle","category-przedszkolak","category-zdrowie-dziecka","tag-dentysta","tag-dziecko-u-dentysty","tag-fluor","tag-leczenie-zebow","tag-profilaktyka-zebow","tag-stomatolog","tag-zeby-mleczne","entry"],"_links":{"self":[{"href":"http:\/\/www.erodzina.pl\/index.php\/wp-json\/wp\/v2\/posts\/864","targetHints":{"allow":["GET"]}}],"collection":[{"href":"http:\/\/www.erodzina.pl\/index.php\/wp-json\/wp\/v2\/posts"}],"about":[{"href":"http:\/\/www.erodzina.pl\/index.php\/wp-json\/wp\/v2\/types\/post"}],"author":[{"embeddable":true,"href":"http:\/\/www.erodzina.pl\/index.php\/wp-json\/wp\/v2\/users\/1"}],"replies":[{"embeddable":true,"href":"http:\/\/www.erodzina.pl\/index.php\/wp-json\/wp\/v2\/comments?post=864"}],"version-history":[{"count":0,"href":"http:\/\/www.erodzina.pl\/index.php\/wp-json\/wp\/v2\/posts\/864\/revisions"}],"wp:attachment":[{"href":"http:\/\/www.erodzina.pl\/index.php\/wp-json\/wp\/v2\/media?parent=864"}],"wp:term":[{"taxonomy":"category","embeddable":true,"href":"http:\/\/www.erodzina.pl\/index.php\/wp-json\/wp\/v2\/categories?post=864"},{"taxonomy":"post_tag","embeddable":true,"href":"http:\/\/www.erodzina.pl\/index.php\/wp-json\/wp\/v2\/tags?post=864"}],"curies":[{"name":"wp","href":"https:\/\/api.w.org\/{rel}","templated":true}]}}