{"id":897,"date":"2012-01-29T02:10:59","date_gmt":"2012-01-29T02:10:59","guid":{"rendered":"http:\/\/www.erodzina.eu\/?p=897"},"modified":"2012-01-29T02:10:59","modified_gmt":"2012-01-29T02:10:59","slug":"jutro-bedzie-niezapowiedziana-kartkowka","status":"publish","type":"post","link":"http:\/\/www.erodzina.pl\/index.php\/2012\/01\/29\/jutro-bedzie-niezapowiedziana-kartkowka\/","title":{"rendered":"Jutro b\u0119dzie niezapowiedziana kartk\u00f3wka"},"content":{"rendered":"<div align=\"justify\"><img loading=\"lazy\" decoding=\"async\" src=\"http:\/\/www.erodzina.eu\/wp-content\/uploads\/2012\/01\/kwiat2.jpg\" alt=\"\" title=\"kwiat2\" width=\"200\" height=\"183\" class=\"alignleft size-full wp-image-2995\" \/>&nbsp;&nbsp;&nbsp;&nbsp;&nbsp;Ko\u0144 jaki jest, ka\u017cdy widzi. Kusi, \u017ceby to samo napisa\u0107 na temat nauczyciela. No bo ka\u017cdy widzi. Ka\u017cdy jakiego\u015b ma lub mia\u0142. Niejednego zreszt\u0105. Edukujemy si\u0119 znakomit\u0105 cz\u0119\u015b\u0107 \u017cycia. R\u00f3\u017cnych belfr\u00f3w spotykamy na swojej drodze. Mo\u017cemy por\u00f3wnywa\u0107, wystawia\u0107 \u015bwiadectwo. Jedno jest pewne \u2013 oceny nauczycielom lepiej wystawia\u0107 po latach. Te wystawione z perspektywy czasu zdecydowanie r\u00f3\u017cni\u0105 si\u0119 od wystawionych na gor\u0105co.<br \/>\n&nbsp;&nbsp;&nbsp;&nbsp;&nbsp;Ilu z nich zapomnieli\u015bmy? Ilu b\u0119dziemy pami\u0119ta\u0107 zawsze? I jak zostali przez nas zapami\u0119tani? Jak sprawdzali si\u0119 w swojej roli i\u2026 jak bardzo dawali\u015bmy im w ko\u015b\u0107?<!--more--><br \/>\n&nbsp;&nbsp;&nbsp;&nbsp;&nbsp;W spo\u0142ecze\u0144stwie pokutuje mit, \u017ce praca nauczyciela jest \u0142atwa, lekka i przyjemna. Bo c\u00f3\u017c to za sztuka kaza\u0107 wyj\u0105\u0107 podr\u0119czniki, czasem trzepn\u0105\u0107 kartk\u00f3weczk\u0119, pa\u0142\u0119 wstawi\u0107 temu i owemu, a w mi\u0119dzyczasie poobija\u0107 si\u0119 w wakacje i w ferie? Co drugi to sam nie umie, a co dopiero wiedz\u0119 przekazywa\u0107. Prawda?<br \/>\n&nbsp;&nbsp;&nbsp;&nbsp;&nbsp;Jak w ka\u017cdym zawodzie zdarzaj\u0105 si\u0119 tacy, co ha\u0144b\u0119 sprowadzaj\u0105 na ca\u0142\u0105 nauczycielsk\u0105 spo\u0142eczno\u015b\u0107. S\u0105 jeszcze tacy, kt\u00f3rym zdarzaj\u0105 si\u0119 wpadki. A wpadek si\u0119 nie zapomina. Wpadki si\u0119 pami\u0119ta. Wpadki si\u0119 rozpowszechnia. Bo czemu i nie, skoro z tego kupa \u015bmiechu. Jedne z bardziej przyjemnych wpadek to te uwieczniane w dzienniczkach uczniowskich, pod kt\u00f3rymi sami autorzy sk\u0142adaj\u0105 autografy.<\/p>\n<ul>\n<div align=\"right\"><em>M\u0119ska cze\u015b\u0107 klasy odm\u00f3wi\u0142a wyci\u0105gni\u0119cia flet\u00f3w.<\/em><\/div>\n<\/ul>\n<ul>\n<div align=\"left\"><em>Agnieszka kopn\u0119\u0142a koleg\u0119 w krocze tak mocno,<br \/>\n\u017ce kolega ju\u017c drug\u0105 godzin\u0119 chodzi z genitaliami w r\u0119kach,<br \/>\ntzn. je trzyma w r\u0119ku przez odzie\u017c wierzchni\u0105<br \/>\nw postaci spodni m\u0119skich czarnych.<\/em><\/div>\n<\/ul>\n<p><img loading=\"lazy\" decoding=\"async\" src=\"http:\/\/www.erodzina.eu\/wp-content\/uploads\/2012\/01\/nauczycielka1.jpg\" alt=\"\" title=\"nauczycielka1\" width=\"350\" height=\"262\" class=\"aligncenter size-full wp-image-2997\" \/><\/p>\n<ul>\n<div align=\"right\"><em>Wojtek samodzielnie chodzi po klasie.<\/em><\/div>\n<\/ul>\n<ul>\n<div align=\"left\"><em>Rozbiera atomy na cz\u0105steczki i k\u0142adzie je sobie na oczach.<\/em><\/div>\n<\/ul>\n<ul>\n<div align=\"right\"><em>Oszala\u0142 na lekcji wiedzy o spo\u0142ecze\u0144stwie.<\/em><\/div>\n<\/ul>\n<ul>\n<div align=\"left\"><em>Magda przezywa dzieci \u201egUwno \u015bmierdz\u0105ce\u201d.<\/em><\/div>\n<\/ul>\n<ul>\n<div align=\"right\"><em>Pan xxx za\u015bmieca kosz na \u015bmieci.<\/em><\/div>\n<\/ul>\n<ul>\n<div align=\"left\"><em>Pisze na tablicy du\u017cymi literami.<\/em><\/div>\n<\/ul>\n<ul>\n<div align=\"right\"><em>Zamkn\u0105\u0142 nauczyciela na klucz i odm\u00f3wi\u0142 zezna\u0144.<\/em><\/div>\n<\/ul>\n<ul>\n<div align=\"left\"><em>Kiedy mia\u0142a opisa\u0107 koszmarny sen, opisa\u0142a nauczyciela j\u0119zyka polskiego.<\/em><\/div>\n<\/ul>\n<ul>\n<div align=\"right\"><em>C\u00f3rka bezcze\u015bci eksponaty w pracowni biologicznej,<br \/>\nwk\u0142adaj\u0105c cietrzewiowi w dzi\u00f3b papierosa.<\/em><\/div>\n<\/ul>\n<ul>\n<div align=\"left\"><em>Kowalska i J\u00f3zwiak nie chc\u0105 poda\u0107 swego nazwiska.<\/em><\/div>\n<\/ul>\n<ul>\n<div align=\"right\"><em>Zwalnia si\u0119 z lekcji. M\u00f3wi, ze boli j\u0105 g\u0142owa,<br \/>\na potem widz\u0119 j\u0105 z przystojnym brodaczem.<\/em><\/div>\n<\/ul>\n<p>[smartads]<br \/>\n&nbsp;&nbsp;&nbsp;&nbsp;&nbsp;Ech\u2026 cudowne. Poszukajcie w sieci. Ubaw po pachy.<br \/>\n&nbsp;&nbsp;&nbsp;&nbsp;&nbsp;Jak wiadomo uczni\u00f3w jest ilo\u015bciowo wi\u0119cej i tworz\u0105 znacznie wi\u0119cej tre\u015bci. Powstaje pytanie, kto od kogo si\u0119 w tych naszych szko\u0142ach uczy. Mo\u017ce jest tak, \u017ce nauczyciele, naczytawszy si\u0119 rewelacji, kt\u00f3re wypisuj\u0105 dzieci i m\u0142odzie\u017c na wypracowaniach, po trosze g\u0142upiej\u0105 i powstaj\u0105 takie babole jak te wy\u017cej. Bo jak tu nie zdurnie\u0107, kiedy codziennie czyta si\u0119, co nast\u0119puje.<\/p>\n<ul>\n<div align=\"left\"><em>Odyseusz zrzuci\u0142 z siebie \u017cebraczy str\u00f3j<br \/>\ni stan\u0105\u0142 w ca\u0142ej swojej okaza\u0142o\u015bci przed przera\u017conymi zalotnikami.<\/em><\/div>\n<\/ul>\n<ul>\n<div align=\"right\"><em>Zamo\u017cni ch\u0142opi nigdy nie wychodzili za m\u0105\u017c za biednych, tylko za siebie.<\/em><\/div>\n<\/ul>\n<ul>\n<div align=\"left\"><em>Dzieci nie mia\u0142y od dawna w ustach bochenka chleba.<\/em><\/div>\n<\/ul>\n<ul>\n<div align=\"right\"><em>Cz\u0142owiek jest ssakiem, bo nie znosi jajek, a je\u015bli, to je zjada.<\/em><\/div>\n<\/ul>\n<ul>\n<div align=\"left\"><em>Mickiewicz spotyka\u0142 wielu ludzi, od kt\u00f3rych zawsze co\u015b wynosi\u0142.<\/em><\/div>\n<\/ul>\n<ul>\n<div align=\"right\"><em>S\u0142owacki by\u0142 w\u0105t\u0142y, bo odziedziczy\u0142 p\u0142uca po ojcu.<br \/>\n[W tym miejscu osi\u0105gn\u0119\u0142am szczyt i zakrztusi\u0142am si\u0119 cukierkiem<br \/>\nz powodu ataku \u015bmiechu, kt\u00f3ry wpad\u0142 mi nie w t\u0119 dziurk\u0119.<br \/>\nPrzypis autorki, kt\u00f3ra wesz\u0142a w konwencj\u0119 niczym \u015bw. Miko\u0142aj w komin.]<\/em><\/div>\n<\/ul>\n<\/div>\n<p><!--nextpage--><\/p>\n<div align=\"justify\">\n<ul>\n<div align=\"left\"><em>Przyk\u0142adem ludzkiej bezmy\u015blno\u015bci jest nowelka Prusa.<\/em><\/div>\n<\/ul>\n<ul>\n<div align=\"right\"><em>Gaudenty wzi\u0105\u0142 kropid\u0142o, zakropi\u0142 mu oczy i cz\u0142onkiem uderzy\u0142 w czo\u0142o.<\/em><\/div>\n<\/ul>\n<ul>\n<div align=\"left\"><em>Jednym z na\u0142og\u00f3w szlacheckich w XVIII wieku by\u0142o pija\u0144stwo,<br \/>\nkt\u00f3remu Krasicki po\u015bwi\u0119ci\u0142 wiele czasu i wysi\u0142ku.<\/em><\/div>\n<\/ul>\n<ul>\n<div align=\"right\"><em>Przed \u015bmierci\u0105 Gerwazy by\u0142 bardzo weso\u0142y, dowcipny, towarzyski,<br \/>\na po \u015bmierci sta\u0142 si\u0119 bardzo surowy, smutny i odludek.<\/em><\/div>\n<\/ul>\n<ul>\n<div align=\"left\"><em>Wac\u0142aw kocha\u0142 Klar\u0119 przez dziur\u0119 w p\u0142ocie.<\/em><\/div>\n<\/ul>\n<ul>\n<div align=\"right\"><em>Maj\u0105c zaledwie 2 lata, przysz\u0142a na \u015bwiat siostra Antka Rozalka.<\/em><\/div>\n<\/ul>\n<ul>\n<div align=\"left\"><em>Po wielu staraniach lekarza pani Mostkowiakowa zmar\u0142a.<\/em><\/div>\n<\/ul>\n<ul>\n<div align=\"right\"><em>Na placu gdzie stoi pomnik Jagie\u0142\u0142y,<br \/>\ntoczy\u0142a si\u0119 kiedy\u015b wielka bitwa zwana pod Grunwaldem.<\/em><\/div>\n<\/ul>\n<ul>\n<div align=\"left\"><em>W \u015aredniowieczu drogi by\u0142y tak w\u0105skie,<br \/>\n\u017ce mog\u0142y si\u0119 min\u0105\u0107 najwy\u017cej dwa samochody.<\/em><\/div>\n<\/ul>\n<ul>\n<div align=\"right\"><em>Cz\u0142owiek zjad\u0142szy mi\u0119so z w\u0105grem, przekszta\u0142ca si\u0119 w tasiemca.<\/em><\/div>\n<\/ul>\n<ul>\n<div align=\"left\"><em>W odr\u00f3\u017cnieniu od innych zwierz\u0105t, ptaki maj\u0105 nakrapiane jaja.<\/em><\/div>\n<\/ul>\n<ul>\n<div align=\"right\"><em>Na klimat Europy wp\u0142ywa morze, kt\u00f3re nas olewa.<\/em><\/div>\n<\/ul>\n<ul>\n<div align=\"left\"><em>Sk\u0142odowska by\u0142a kobiet\u0105 niespotykanie wytrwa\u0142\u0105,<br \/>\no czym \u015bwiadczy zatruwanie si\u0119 radem przez wiele lat.<\/em><\/div>\n<\/ul>\n<ul>\n<div align=\"right\"><em>To nie by\u0142a dziewica, tylko co\u015b okropnego.<\/em><\/div>\n<\/ul>\n<p>[smartads]<br \/>\n&nbsp;&nbsp;&nbsp;&nbsp;&nbsp;Mog\u0142abym tak w niesko\u0144czono\u015b\u0107, ale powoli dostaj\u0119 g\u0142upawki. Co to ja chcia\u0142am\u2026? Chcia\u0142am powiedzie\u0107, \u017ce podziwiam nauczycieli, kt\u00f3rzy czytaj\u0105 takie brednie codziennie i nie podchwycili jeszcze konwencji.<br \/>\n&nbsp;&nbsp;&nbsp;&nbsp;&nbsp;Musz\u0119 si\u0119 otrz\u0105sn\u0105\u0107, bo chcia\u0142am przej\u015b\u0107 do nieco powa\u017cniejszych kwestii.<br \/>\nDane zawarte w opublikowanym niedawno raporcie \u201eEducation at a Glance 2011\u201d OECD dowodz\u0105, \u017ce polscy nauczyciele sp\u0119dzaj\u0105 w pracy najmniej czasu. Raport por\u00f3wnuje prac\u0119 nauczycieli z ca\u0142ego \u015bwiata. Polscy belfrowie sp\u0119dzaj\u0105 w pracy \u015brednio niespe\u0142na 3 godziny dziennie (489 godzin rocznie) przy \u015bredniej dla Unii Europejskiej \u2013 prawie 5 godzin dziennie (779 godzin rocznie). Europa i tak mo\u017ce si\u0119 wstydzi\u0107, gdy\u017c ameryka\u0144scy nauczyciele haruj\u0105 1100 godzin rocznie. Inne dane wykazuj\u0105, \u017ce nauczycieli w Polsce jest zwyczajnie za du\u017co.<br \/>\n<br \/><img loading=\"lazy\" decoding=\"async\" src=\"http:\/\/www.erodzina.eu\/wp-content\/uploads\/2012\/01\/pisanie.jpg\" alt=\"\" title=\"pisanie\" width=\"350\" height=\"279\" class=\"aligncenter size-full wp-image-2998\" \/><br \/>\n&nbsp;&nbsp;&nbsp;&nbsp;&nbsp;Polscy nauczyciele czuj\u0105 si\u0119 pokrzywdzeni raportem. Uwa\u017caj\u0105, \u017ce jest on niesprawiedliwy i nie odzwierciedla polskich reali\u00f3w. Nasi belfrzy kontruj\u0105, \u017ce opr\u00f3cz czasu po\u015bwi\u0119conego na obs\u0142ug\u0119 tablicy, musz\u0105 jeszcze po\u015bwi\u0119ci\u0107 go odpowiednio du\u017co na przygotowywanie kartk\u00f3wek, wypracowa\u0144, test\u00f3w etc., sprawdzanie ich, codzienne przygotowywanie si\u0119 do lekcji, zebrania, wywiad\u00f3wki, wycieczki, rozmowy z uczniami i rodzicami po lekcjach.<br \/>\n&nbsp;&nbsp;&nbsp;&nbsp;&nbsp;Bez wzgl\u0119du na cyferki, dane i wyniki bada\u0144 wiadomo, jakich nauczycieli mo\u017ce by\u0107 w nadmiarze. W cenie s\u0105 ci, kt\u00f3rych wspomina si\u0119 potem z sentymentem, kt\u00f3rych nauki zostaj\u0105 w g\u0142owie na lata. Tacy, kt\u00f3rzy potrafi\u0105 zainteresowa\u0107 swoim przedmiotem, kt\u00f3rzy potrafi\u0105 przekaza\u0107 wiedz\u0119 i przede wszystkim podchodz\u0105 do uczni\u00f3w indywidualnie, a nie jak do szarej masy upchanej w klasowe \u0142awki.<br \/>\n&nbsp;&nbsp;&nbsp;&nbsp;&nbsp;Nauczyciel to wychowawca. Dzieci i m\u0142odzie\u017c w wieku szkolnym sp\u0119dzaj\u0105 w szkole spor\u0105 cz\u0119\u015b\u0107 swojego \u017cycia. Istnieje odwieczny sp\u00f3r, kto odpowiedzialny jest za wychowywanie dzieci \u2013 rodzice czy szko\u0142a, a prawda jak zawsze le\u017cy po \u015brodku. St\u0105d apel do nauczycieli, by cz\u0119\u015bciej patrzyli na swoich uczni\u00f3w, jak na istoty, na kt\u00f3re maj\u0105 znaczny wp\u0142yw. I apel do rodzic\u00f3w, by traktowali nauczycieli, jak partner\u00f3w w wychowywaniu dzieci.<\/p>\n<ul>\n<h3><font color=\"#9400D3\">&nbsp;&nbsp;&nbsp;&nbsp;&nbsp;14. pa\u017adziernika Dzie\u0144 Edukacji Narodowej, Dzie\u0144 Nauczyciela. Z tej okazji \u017cyczymy nauczycielom cierpliwo\u015bci, wielu sukces\u00f3w, poj\u0119tnych uczni\u00f3w i satysfakcji z pracy. Dzi\u0119kujemy tak\u017ce tym wyj\u0105tkowym, \u017ce byli w naszym \u017cyciu i \u017ce s\u0105 i b\u0119d\u0105 w \u017cyciu naszych dzieci.<\/font><\/h3>\n<\/ul>\n<p><img loading=\"lazy\" decoding=\"async\" src=\"http:\/\/www.erodzina.eu\/wp-content\/uploads\/2012\/01\/kwiat.jpg\" alt=\"\" title=\"kwiat\" width=\"500\" height=\"375\" class=\"aligncenter size-full wp-image-3000\" \/><br \/>\n&nbsp;&nbsp;&nbsp;&nbsp;&nbsp;Na koniec dla rozlu\u017anienia powiedzenia nauczycieli. Te wprawdzie nie l\u0105duj\u0105 w dzienniczkach z autografami, ale przemierzaj\u0105 \u015bwiat przekazywane z pokolenia na pokolenie jako te porzekad\u0142a lud\u00f3w niepi\u015bmiennych.<\/p>\n<ul>\n<div align=\"left\"><em>Masz robi\u0107 to co Ci ka\u017c\u0119 albo nie!<\/em><\/div>\n<\/ul>\n<ul>\n<div align=\"right\"><em>Usi\u0105d\u017a przodem do przodu!<\/em><\/div>\n<\/ul>\n<ul>\n<div align=\"left\"><em>Nie s\u0142ysz\u0119 ciszy! Chc\u0119 us\u0142ysze\u0107 totaln\u0105 cisz\u0119!<\/em><\/div>\n<\/ul>\n<ul>\n<div align=\"right\"><em>Czuj si\u0119 jakby\u015b mia\u0142 uwag\u0119!<\/em><\/div>\n<\/ul>\n<ul>\n<div align=\"left\"><em>Taak, wy teraz gadacie, a w \u015brod\u0119<br \/>\nb\u0119dziecie \u015bpiewali na niezapowiedzianej kartk\u00f3wce.<\/em><\/div>\n<\/ul>\n<ul>\n<div align=\"right\"><em>U mnie mo\u017cna \u015bci\u0105ga\u0107 tylko nie mo\u017cna da\u0107 si\u0119 z\u0142apa\u0107.<\/em><\/div>\n<\/ul>\n<ul>\n<div align=\"left\"><em>\u017beby nie by\u0142o, \u017ce nie by\u0142o, bo by\u0142o.<\/em><\/div>\n<\/ul>\n<ul>\n<div align=\"right\"><em>Ja mam oczy wsz\u0119dzie.<\/em><\/div>\n<\/ul>\n<ul>\n<div align=\"left\"><em>Przesta\u0144 gada\u0107 pierwsza z drug\u0105 \u0142awk\u0105!<\/em><\/div>\n<\/ul>\n<ul>\n<div align=\"right\"><em>Wsta\u0144 i zobacz jak siedzisz.<\/em><\/div>\n<\/ul>\n<ul>\n<div align=\"left\"><em>Mam dzi\u015b dobry dzie\u0144. Wyci\u0105gajcie karteczki.<\/em><\/div>\n<\/ul>\n<p><i>El\u017cbieta Haque<\/i><\/div>\n","protected":false},"excerpt":{"rendered":"<p>&nbsp;&nbsp;&nbsp;&nbsp;&nbsp;Ko\u0144 jaki jest, ka\u017cdy widzi. Kusi, \u017ceby to samo napisa\u0107 na temat nauczyciela. No bo ka\u017cdy widzi. Ka\u017cdy jakiego\u015b ma lub mia\u0142. Niejednego zreszt\u0105. Edukujemy si\u0119 znakomit\u0105 cz\u0119\u015b\u0107 \u017cycia. R\u00f3\u017cnych belfr\u00f3w spotykamy na swojej drodze. Mo\u017cemy por\u00f3wnywa\u0107, wystawia\u0107 \u015bwiadectwo. Jedno jest pewne \u2013 oceny nauczycielom lepiej wystawia\u0107 po latach. Te wystawione z perspektywy czasu zdecydowanie &hellip; <\/p>\n<p class=\"link-more\"><a href=\"http:\/\/www.erodzina.pl\/index.php\/2012\/01\/29\/jutro-bedzie-niezapowiedziana-kartkowka\/\" class=\"more-link\">Czytaj dalej<span class=\"screen-reader-text\"> Jutro b\u0119dzie niezapowiedziana kartk\u00f3wka<\/span><\/a><\/p>\n","protected":false},"author":1,"featured_media":0,"comment_status":"open","ping_status":"open","sticky":false,"template":"","format":"standard","meta":{"footnotes":""},"categories":[57,11,54],"tags":[300,322,324,331,613,996,1051,1202],"class_list":["post-897","post","type-post","status-publish","format-standard","hentry","category-aktualnosci","category-elzbieta-haque","category-zycie-wokol-nas","tag-dowcipy","tag-dzien-komisji-edukacji-narodowej","tag-dzien-nauczyciela","tag-edukacja","tag-nauczyciel","tag-smieszne-teksty","tag-szkola","tag-z-zeszytow","entry"],"_links":{"self":[{"href":"http:\/\/www.erodzina.pl\/index.php\/wp-json\/wp\/v2\/posts\/897","targetHints":{"allow":["GET"]}}],"collection":[{"href":"http:\/\/www.erodzina.pl\/index.php\/wp-json\/wp\/v2\/posts"}],"about":[{"href":"http:\/\/www.erodzina.pl\/index.php\/wp-json\/wp\/v2\/types\/post"}],"author":[{"embeddable":true,"href":"http:\/\/www.erodzina.pl\/index.php\/wp-json\/wp\/v2\/users\/1"}],"replies":[{"embeddable":true,"href":"http:\/\/www.erodzina.pl\/index.php\/wp-json\/wp\/v2\/comments?post=897"}],"version-history":[{"count":0,"href":"http:\/\/www.erodzina.pl\/index.php\/wp-json\/wp\/v2\/posts\/897\/revisions"}],"wp:attachment":[{"href":"http:\/\/www.erodzina.pl\/index.php\/wp-json\/wp\/v2\/media?parent=897"}],"wp:term":[{"taxonomy":"category","embeddable":true,"href":"http:\/\/www.erodzina.pl\/index.php\/wp-json\/wp\/v2\/categories?post=897"},{"taxonomy":"post_tag","embeddable":true,"href":"http:\/\/www.erodzina.pl\/index.php\/wp-json\/wp\/v2\/tags?post=897"}],"curies":[{"name":"wp","href":"https:\/\/api.w.org\/{rel}","templated":true}]}}