{"id":969,"date":"2012-01-17T01:31:30","date_gmt":"2012-01-17T01:31:30","guid":{"rendered":"http:\/\/www.erodzina.eu\/?p=969"},"modified":"2012-01-17T01:31:30","modified_gmt":"2012-01-17T01:31:30","slug":"kiedy-z-dzieckiem-do-logopedy","status":"publish","type":"post","link":"http:\/\/www.erodzina.pl\/index.php\/2012\/01\/17\/kiedy-z-dzieckiem-do-logopedy\/","title":{"rendered":"Kiedy z dzieckiem do logopedy?"},"content":{"rendered":"<div align=\"justify\"><img loading=\"lazy\" decoding=\"async\" src=\"http:\/\/www.erodzina.eu\/wp-content\/uploads\/2012\/01\/logopeda4lil.jpg\" alt=\"\" title=\"logopeda4lil\" width=\"172\" height=\"146\" class=\"alignleft size-full wp-image-1587\" \/>&nbsp;&nbsp;&nbsp;&nbsp;&nbsp;\u201e<em>Moje dziecko ma\u0142o m\u00f3wi a ma 3 lata.<\/em>\u201d, \u201e<em>Ma 24 miesi\u0105ce i m\u00f3wi tylko \u2018mama\u2019, \u2018tata\u2019. Czy mam si\u0119 ju\u017c martwi\u0107?<\/em>\u201d, \u201e<em>Czy to prawda, \u017ce ch\u0142opcy p\u00f3\u017aniej m\u00f3wi\u0105?<\/em>\u201d, \u201e<em>Dlaczego moje dziecko nie m\u00f3wi, tylko pokazuje paluszkiem, co chce, a jak go nie rozumiem, to zaczyna p\u0142aka\u0107 i z\u0142o\u015bci\u0107 si\u0119?<\/em>\u201d<br \/>\n&nbsp;&nbsp;&nbsp;&nbsp;&nbsp;Te i inne pytania ko\u0142ataj\u0105 si\u0119 w g\u0142owach wielu rodzic\u00f3w, zw\u0142aszcza mam. Najcz\u0119\u015bciej szukaj\u0105 na nie odpowiedzi u lekarza pediatry, kt\u00f3ry bardzo cz\u0119sto bagatelizuje problem, m\u00f3wi\u0105c \u201e<em>Ma czas, wyro\u015bnie z tego.<\/em>\u201d, \u201e<em>Prosz\u0119 poczeka\u0107 a\u017c sko\u0144czy trzy lata.<\/em>\u201d, \u201e<em>To ch\u0142opiec, ch\u0142opcy p\u00f3\u017aniej zaczynaj\u0105.<\/em>\u201d<!--more--><\/p>\n<p style=\"text-align:center; color:#4B0082; font-size:15px; float:right; border-top:3px; clear:right; margin: 30px 30px 20px 20px;\">\n<b>Rozwi\u0105zania problemu mowy<br \/>dziecka nie szukajmy<br \/>u pediatry czy w Internecie.<br \/>Nie por\u00f3wnujmy problem\u00f3w<br \/>swojego dziecka do problem\u00f3w<br \/>dziecka s\u0105siadki czy kole\u017canki.<\/b><\/p>\n<p>&nbsp;&nbsp;&nbsp;&nbsp;&nbsp;Problem mamy zostaje nierozwi\u0105zany, a czas nieub\u0142aganie ucieka, wp\u0142ywaj\u0105c niekorzystnie na dalszy rozw\u00f3j dziecka. Ka\u017cde op\u00f3\u017anienie mowy wp\u0142ywa na dalsz\u0105 edukacj\u0119 dziecka, w tym r\u00f3wnie\u017c na nauk\u0119 czytania i pisania, jaka czeka na nie w szkole podstawowej.<br \/>\n&nbsp;&nbsp;&nbsp;&nbsp;&nbsp;Rozwi\u0105zania problemu mowy dziecka nie szukajmy u pediatry czy w Internecie. Nie por\u00f3wnujmy problem\u00f3w swojego dziecka do problem\u00f3w dziecka s\u0105siadki czy kole\u017canki. Babcine rady i stereotypy takie jak \u201e<em>wyro\u015bnie z tego<\/em>\u201d, \u201e<em>ch\u0142opcy p\u00f3\u017aniej m\u00f3wi\u0105<\/em>\u201d, \u201e<em>zacznie m\u00f3wi\u0107 jak p\u00f3jdzie do przedszkola<\/em>\u201d potraktujmy z przymru\u017ceniem oka i udajmy si\u0119 mimo wszystko do specjalisty.<br \/>\n&nbsp;&nbsp;&nbsp;&nbsp;&nbsp;<strong>Logopeda<\/strong> to osoba, kt\u00f3ra nie tylko zajmuje si\u0119 likwidowaniem powsta\u0142ych wad wymowy. To tak\u017ce terapeuta, kt\u00f3ry powie, jak zapobiega\u0107 wadom wymowy, jak stymulowa\u0107 rozw\u00f3j mowy dziecka od jego narodzin. Oceni, z czego wynikaj\u0105 problemy dziecka i wska\u017ce w\u0142a\u015bciw\u0105 drog\u0119 by mie\u0107 zdrowe m\u00f3wi\u0105ce dziecko.<br \/>\n&nbsp;&nbsp;&nbsp;&nbsp;&nbsp;<strong>Kiedy zatem nale\u017cy i\u015b\u0107 z dzieckiem do logopedy?<\/strong><br \/>\n<br \/><center><img loading=\"lazy\" decoding=\"async\" src=\"http:\/\/www.erodzina.eu\/wp-content\/uploads\/2012\/01\/michal.jpg\" alt=\"\" title=\"michal\" width=\"580\" height=\"387\" class=\"alignnone size-full wp-image-1590\" srcset=\"http:\/\/www.erodzina.pl\/wp-content\/uploads\/2012\/01\/michal.jpg 580w, http:\/\/www.erodzina.pl\/wp-content\/uploads\/2012\/01\/michal-300x200.jpg 300w\" sizes=\"auto, (max-width: 580px) 100vw, 580px\" \/><\/center><br \/>\n&nbsp;&nbsp;&nbsp;&nbsp;&nbsp;Zawsze wtedy, gdy intuicja podpowiada nam, \u017ce co\u015b jest nie tak. Rodzice zawsze najlepiej czuj\u0105, gdy rozw\u00f3j ich dziecka nie przebiega prawid\u0142owo. Na wizyt\u0119 u logopedy nigdy nie jest zbyt wcze\u015bnie.<br \/>\n&nbsp;&nbsp;&nbsp;&nbsp;&nbsp;Niezw\u0142ocznie udaj si\u0119 do logopedy, gdy twoje dziecko:<\/p>\n<ul>\n<li>w wieku 6 miesi\u0119cy nie gaworzy (nie powtarza sylab np. <em>ma-ma-ma, ba-ba-ba<\/em>),<\/li>\n<li>po uko\u0144czeniu 1 roku \u017cycia nie wypowiada sylab oraz pojedynczych s\u0142\u00f3w,<\/li>\n<li>podejrzewasz, \u017ce nie rozumie wydawanych przez ciebie polece\u0144,<\/li>\n<li>w wieku 2 lat nie m\u00f3wi prostych s\u0142\u00f3w np. <em>mama, baba, tata, dada<\/em>,<\/li>\n<li>mi\u0119dzy 2 a 3 rokiem \u017cycia nie wypowiada prostych zda\u0144,<\/li>\n<li>w wieku 3 lat nie wymawia kt\u00f3rejkolwiek z samog\u0142osek ustnych: <em>a, o, u, e, i, y<\/em>,<\/li>\n<li>w wieku 4 lat nie potrafi opowiedzie\u0107 historyjki obrazkowej, wypowiada jedynie proste s\u0142owa lub r\u00f3wnowa\u017cniki zda\u0144, zniekszta\u0142ca wyrazy,<\/li>\n<li>nie wypowiada g\u0142osek: <em>k, g, l, \u015b, \u017a, \u0107, d\u017a , s, z, c, dz<\/em>, gdy zamiast g\u0142oski <em>f<\/em>, w wymawia <em>p, b, h<\/em>, zamienia <em>g<\/em> na <em>k<\/em> oraz zamiast <em>r<\/em> wymawia <em>j<\/em>,<\/li>\n<li>w wieku 5 lat nie wymawia g\u0142osek: <em>sz, \u017c, cz, d\u017c<\/em>,<\/li>\n<p>[smartads]<\/p>\n<li>mi\u0119dzy 5 a 6 rokiem \u017cycia nie wypowiada nast\u0119puj\u0105cych g\u0142osek: <em>l, s, z, c, dz, \u015b, \u017a, \u0107, d\u017a, k, g, r, \u0105, \u0119<\/em> oraz gdy przestawia sylaby w obr\u0119bie wyrazu, lub skraca wyrazy<\/li>\n<\/ul>\n<p>oraz gdy twoja pociecha:<\/p>\n<ul>\n<li>nawykowo oddycha buzi\u0105,<\/li>\n<li>podczas m\u00f3wienia wsuwa j\u0119zyk mi\u0119dzy przednie z\u0119by,<\/li>\n<li>gdy masz w\u0105tpliwo\u015b\u0107 czy dziecko s\u0142yszy.<\/li>\n<\/ul>\n<p>&nbsp;&nbsp;&nbsp;&nbsp;&nbsp;Kochani Rodzice, je\u017celi niepokoi was mowa waszych pociech, gor\u0105co zach\u0119cam do kontaktu ze specjalist\u0105. Pami\u0119tajcie: <strong>LEPIEJ ZAPOBIEGA\u0106 NI\u017b POTEM LECZY\u0106<\/strong>.<\/p>\n<p><i><a href=\"http:\/\/www.korbiel.pl\/\">Urszula Korbiel<\/a><\/i><\/div>\n","protected":false},"excerpt":{"rendered":"<p>&nbsp;&nbsp;&nbsp;&nbsp;&nbsp;\u201eMoje dziecko ma\u0142o m\u00f3wi a ma 3 lata.\u201d, \u201eMa 24 miesi\u0105ce i m\u00f3wi tylko \u2018mama\u2019, \u2018tata\u2019. Czy mam si\u0119 ju\u017c martwi\u0107?\u201d, \u201eCzy to prawda, \u017ce ch\u0142opcy p\u00f3\u017aniej m\u00f3wi\u0105?\u201d, \u201eDlaczego moje dziecko nie m\u00f3wi, tylko pokazuje paluszkiem, co chce, a jak go nie rozumiem, to zaczyna p\u0142aka\u0107 i z\u0142o\u015bci\u0107 si\u0119?\u201d &nbsp;&nbsp;&nbsp;&nbsp;&nbsp;Te i inne pytania ko\u0142ataj\u0105 si\u0119 &hellip; <\/p>\n<p class=\"link-more\"><a href=\"http:\/\/www.erodzina.pl\/index.php\/2012\/01\/17\/kiedy-z-dzieckiem-do-logopedy\/\" class=\"more-link\">Czytaj dalej<span class=\"screen-reader-text\"> Kiedy z dzieckiem do logopedy?<\/span><\/a><\/p>\n","protected":false},"author":1,"featured_media":0,"comment_status":"open","ping_status":"open","sticky":false,"template":"","format":"standard","meta":{"footnotes":""},"categories":[9,14,28,37,43],"tags":[821,931,932,1184],"class_list":["post-969","post","type-post","status-publish","format-standard","hentry","category-dziecko","category-goscie","category-maluch","category-przedszkolak","category-rozwoj-dziecka","tag-prawidlowa-mowa","tag-rozwoj-dziecka-2","tag-rozwoj-mowy","tag-wymawianie-r","entry"],"_links":{"self":[{"href":"http:\/\/www.erodzina.pl\/index.php\/wp-json\/wp\/v2\/posts\/969","targetHints":{"allow":["GET"]}}],"collection":[{"href":"http:\/\/www.erodzina.pl\/index.php\/wp-json\/wp\/v2\/posts"}],"about":[{"href":"http:\/\/www.erodzina.pl\/index.php\/wp-json\/wp\/v2\/types\/post"}],"author":[{"embeddable":true,"href":"http:\/\/www.erodzina.pl\/index.php\/wp-json\/wp\/v2\/users\/1"}],"replies":[{"embeddable":true,"href":"http:\/\/www.erodzina.pl\/index.php\/wp-json\/wp\/v2\/comments?post=969"}],"version-history":[{"count":0,"href":"http:\/\/www.erodzina.pl\/index.php\/wp-json\/wp\/v2\/posts\/969\/revisions"}],"wp:attachment":[{"href":"http:\/\/www.erodzina.pl\/index.php\/wp-json\/wp\/v2\/media?parent=969"}],"wp:term":[{"taxonomy":"category","embeddable":true,"href":"http:\/\/www.erodzina.pl\/index.php\/wp-json\/wp\/v2\/categories?post=969"},{"taxonomy":"post_tag","embeddable":true,"href":"http:\/\/www.erodzina.pl\/index.php\/wp-json\/wp\/v2\/tags?post=969"}],"curies":[{"name":"wp","href":"https:\/\/api.w.org\/{rel}","templated":true}]}}