{"id":997,"date":"2012-01-25T05:25:02","date_gmt":"2012-01-25T05:25:02","guid":{"rendered":"http:\/\/www.erodzina.eu\/?p=997"},"modified":"2012-01-25T05:25:02","modified_gmt":"2012-01-25T05:25:02","slug":"skarb-sobie-zyczy","status":"publish","type":"post","link":"http:\/\/www.erodzina.pl\/index.php\/2012\/01\/25\/skarb-sobie-zyczy\/","title":{"rendered":"Skarb sobie \u017cyczy"},"content":{"rendered":"<div align=\"justify\"><font color=\"#990066\">&nbsp;&nbsp;&nbsp;&nbsp;&nbsp;Wszyscy wok\u00f3\u0142 listy pisz\u0105, \u017cycz\u0105 sobie. Skorzystam z okazji i ja te\u017c za\u017cycz\u0119 sobie tego i owego. Z okazji roczku.<br \/>\n&nbsp;&nbsp;&nbsp;&nbsp;&nbsp;Przede wszystkim \u017cycz\u0119 sobie, by rodzice byli ze mnie dumni. Chyba maj\u0105 ku temu powody? Ja wiem, \u017ce bywam niesforny. Ale to przecie\u017c wa\u017cne, \u017ceby mie\u0107 w\u0142asne zdanie, nie ba\u0107 si\u0119 je mie\u0107 i umie\u0107 go broni\u0107.<br \/>\n&nbsp;&nbsp;&nbsp;&nbsp;&nbsp;\u017bycz\u0119 sobie, \u017ceby ciocie i wujkowie mnie rozpieszczali i pisali dla mnie poruszaj\u0105ce historie, pouczaj\u0105ce artyku\u0142y, wzruszaj\u0105ce bajki, porywaj\u0105ce rozprawy.<br \/>\n&nbsp;&nbsp;&nbsp;&nbsp;&nbsp;\u017bycz\u0119 sobie, by m\u0105drzy ludzie dzielili si\u0119 ze mn\u0105 swoj\u0105 wiedz\u0105. Dzieci\u0144stwo to pono\u0107 okres, w kt\u00f3rym umys\u0142 jest najbardziej ch\u0142onny. Jestem \u017c\u0105dny wiedzy i chc\u0119 si\u0119 t\u0105 wiedz\u0105 dzieli\u0107 z innymi.<br \/>\n&nbsp;&nbsp;&nbsp;&nbsp;&nbsp;\u017bycz\u0119 sobie, \u017ceby starzy znajomi cz\u0119sto mnie odwiedzali. Chcia\u0142bym, aby przyprowadzali nowych, fajnych ludzi, kt\u00f3rzy zechc\u0105 sp\u0119dza\u0107 ze mn\u0105 czas. Razem ra\u017aniej.<br \/>\n&nbsp;&nbsp;&nbsp;&nbsp;&nbsp;I \u017ceby mi\u0142o by\u0142o, i sympatycznie. I \u017ceby mnie lubili albo nie, bo niewa\u017cne czy dobrze gadaj\u0105, czy \u017ale, byle gadali. I \u017ceby si\u0119 kr\u0119ci\u0142o.<br \/>\n&nbsp;&nbsp;&nbsp;&nbsp;&nbsp;To m\u00f3wi\u0142em ja &#8211; Wasz Skarb.<br \/>\n&nbsp;&nbsp;&nbsp;&nbsp;&nbsp;A teraz dmuchamy!<\/font><br \/>\n<center><img loading=\"lazy\" decoding=\"async\" src=\"http:\/\/www.erodzina.eu\/wp-content\/uploads\/2012\/01\/tort3.jpg\" alt=\"\" title=\"tort3\" width=\"580\" height=\"503\" class=\"aligncenter size-full wp-image-2634\" srcset=\"http:\/\/www.erodzina.pl\/wp-content\/uploads\/2012\/01\/tort3.jpg 580w, http:\/\/www.erodzina.pl\/wp-content\/uploads\/2012\/01\/tort3-300x260.jpg 300w\" sizes=\"auto, (max-width: 580px) 100vw, 580px\" \/><\/center><\/div>\n","protected":false},"excerpt":{"rendered":"<p>&nbsp;&nbsp;&nbsp;&nbsp;&nbsp;Wszyscy wok\u00f3\u0142 listy pisz\u0105, \u017cycz\u0105 sobie. Skorzystam z okazji i ja te\u017c za\u017cycz\u0119 sobie tego i owego. Z okazji roczku. &nbsp;&nbsp;&nbsp;&nbsp;&nbsp;Przede wszystkim \u017cycz\u0119 sobie, by rodzice byli ze mnie dumni. Chyba maj\u0105 ku temu powody? Ja wiem, \u017ce bywam niesforny. Ale to przecie\u017c wa\u017cne, \u017ceby mie\u0107 w\u0142asne zdanie, nie ba\u0107 si\u0119 je mie\u0107 i umie\u0107 &hellip; <\/p>\n<p class=\"link-more\"><a href=\"http:\/\/www.erodzina.pl\/index.php\/2012\/01\/25\/skarb-sobie-zyczy\/\" class=\"more-link\">Czytaj dalej<span class=\"screen-reader-text\"> Skarb sobie \u017cyczy<\/span><\/a><\/p>\n","protected":false},"author":1,"featured_media":0,"comment_status":"open","ping_status":"open","sticky":false,"template":"","format":"standard","meta":{"footnotes":""},"categories":[57,39,54],"tags":[913,1114,1294],"class_list":["post-997","post","type-post","status-publish","format-standard","hentry","category-aktualnosci","category-redakcja-autorzy","category-zycie-wokol-nas","tag-rocznica","tag-urodziny","tag-zyczenia","entry"],"_links":{"self":[{"href":"http:\/\/www.erodzina.pl\/index.php\/wp-json\/wp\/v2\/posts\/997","targetHints":{"allow":["GET"]}}],"collection":[{"href":"http:\/\/www.erodzina.pl\/index.php\/wp-json\/wp\/v2\/posts"}],"about":[{"href":"http:\/\/www.erodzina.pl\/index.php\/wp-json\/wp\/v2\/types\/post"}],"author":[{"embeddable":true,"href":"http:\/\/www.erodzina.pl\/index.php\/wp-json\/wp\/v2\/users\/1"}],"replies":[{"embeddable":true,"href":"http:\/\/www.erodzina.pl\/index.php\/wp-json\/wp\/v2\/comments?post=997"}],"version-history":[{"count":0,"href":"http:\/\/www.erodzina.pl\/index.php\/wp-json\/wp\/v2\/posts\/997\/revisions"}],"wp:attachment":[{"href":"http:\/\/www.erodzina.pl\/index.php\/wp-json\/wp\/v2\/media?parent=997"}],"wp:term":[{"taxonomy":"category","embeddable":true,"href":"http:\/\/www.erodzina.pl\/index.php\/wp-json\/wp\/v2\/categories?post=997"},{"taxonomy":"post_tag","embeddable":true,"href":"http:\/\/www.erodzina.pl\/index.php\/wp-json\/wp\/v2\/tags?post=997"}],"curies":[{"name":"wp","href":"https:\/\/api.w.org\/{rel}","templated":true}]}}