{"id":1295,"count":1,"description":"","link":"http:\/\/www.erodzina.pl\/index.php\/tag\/zyczenia-swiateczne\/","name":"\u017cyczenia \u015bwi\u0105teczne","slug":"zyczenia-swiateczne","taxonomy":"post_tag","meta":[],"_links":{"self":[{"href":"http:\/\/www.erodzina.pl\/index.php\/wp-json\/wp\/v2\/tags\/1295","targetHints":{"allow":["GET"]}}],"collection":[{"href":"http:\/\/www.erodzina.pl\/index.php\/wp-json\/wp\/v2\/tags"}],"about":[{"href":"http:\/\/www.erodzina.pl\/index.php\/wp-json\/wp\/v2\/taxonomies\/post_tag"}],"wp:post_type":[{"href":"http:\/\/www.erodzina.pl\/index.php\/wp-json\/wp\/v2\/posts?tags=1295"}],"curies":[{"name":"wp","href":"https:\/\/api.w.org\/{rel}","templated":true}]}}