{"id":569,"count":1,"description":"","link":"http:\/\/www.erodzina.pl\/index.php\/tag\/mezczyzna-z-goraczka\/","name":"m\u0119\u017cczyzna z gor\u0105czk\u0105","slug":"mezczyzna-z-goraczka","taxonomy":"post_tag","meta":[],"_links":{"self":[{"href":"http:\/\/www.erodzina.pl\/index.php\/wp-json\/wp\/v2\/tags\/569","targetHints":{"allow":["GET"]}}],"collection":[{"href":"http:\/\/www.erodzina.pl\/index.php\/wp-json\/wp\/v2\/tags"}],"about":[{"href":"http:\/\/www.erodzina.pl\/index.php\/wp-json\/wp\/v2\/taxonomies\/post_tag"}],"wp:post_type":[{"href":"http:\/\/www.erodzina.pl\/index.php\/wp-json\/wp\/v2\/posts?tags=569"}],"curies":[{"name":"wp","href":"https:\/\/api.w.org\/{rel}","templated":true}]}}